{"id":10038,"date":"2025-12-05T09:27:22","date_gmt":"2025-12-05T08:27:22","guid":{"rendered":"https:\/\/www.os-dravograd.si\/?p=10038"},"modified":"2025-12-05T09:28:00","modified_gmt":"2025-12-05T08:28:00","slug":"intervju-z-ravnateljem-nase-sole","status":"publish","type":"post","link":"https:\/\/www.os-dravograd.si\/index.php\/2025\/12\/05\/intervju-z-ravnateljem-nase-sole\/","title":{"rendered":"Intervju z ravnateljem na\u0161e \u0161ole"},"content":{"rendered":"<p>U\u010denci, ki obiskujemo obvezni izbirni predmet Nem\u0161\u010dino v 8. razredu, smo se odlo\u010dili, da opravimo z ravnateljem na\u0161e \u0161ole kratek intervju. Povabili smo ga, da nam se pridru\u017ei v \u010dasu na\u0161e predure in z veseljem je na\u0161e povabilo sprejel.<\/p>\n<p>Tako smo 21. novembra najprej ustrezno uredili u\u010dilnico 71 ter organizirali pravo malo \u010dajanko. Pogovor z ravnateljem \u0161ole Dravograd, g. Lovrom Plimonom, je lepo potekal, saj smo se na urah na dogodek pripravili, zapisali smo vsa vpra\u0161anja zanj, si jih razdelili in veliko vadili. Ugotovili smo, da na\u0161 ravnatelj dobro govori nem\u0161ko, zato smo dobili odgovore na vsa na\u0161a vpra\u0161anja. Na intervjuju smo ga vpra\u0161ali nekaj osebnih vpra\u0161anj, nekaj vpra\u0161anj je bilo povezanih z njegovo dru\u017eino, nekaj z njegovimi hobiji in seveda tudi o njegovi slu\u017ebi. Imeli smo se zelo lepo, se super pogovarjali in se na koncu tudi posladkali s pi\u0161koti in \u010dajem.<\/p>\n<p>Asja Sarajki\u0107, 8. c<\/p>\n<p><img loading=\"lazy\" width=\"928\" height=\"523\" class=\"wp-image-10039\" src=\"https:\/\/www.os-dravograd.si\/wp-content\/uploads\/2025\/12\/c-users-sravnikar-appdata-local-microsoft-windows.jpeg\" alt=\"C:\\Users\\sravnikar\\AppData\\Local\\Microsoft\\Windows\\INetCache\\Content.Word\\20251120_074054.jpg\" srcset=\"https:\/\/www.os-dravograd.si\/wp-content\/uploads\/2025\/12\/c-users-sravnikar-appdata-local-microsoft-windows.jpeg 928w, https:\/\/www.os-dravograd.si\/wp-content\/uploads\/2025\/12\/c-users-sravnikar-appdata-local-microsoft-windows-200x113.jpeg 200w, https:\/\/www.os-dravograd.si\/wp-content\/uploads\/2025\/12\/c-users-sravnikar-appdata-local-microsoft-windows-768x433.jpeg 768w, https:\/\/www.os-dravograd.si\/wp-content\/uploads\/2025\/12\/c-users-sravnikar-appdata-local-microsoft-windows-370x209.jpeg 370w, https:\/\/www.os-dravograd.si\/wp-content\/uploads\/2025\/12\/c-users-sravnikar-appdata-local-microsoft-windows-870x490.jpeg 870w, https:\/\/www.os-dravograd.si\/wp-content\/uploads\/2025\/12\/c-users-sravnikar-appdata-local-microsoft-windows-390x220.jpeg 390w, https:\/\/www.os-dravograd.si\/wp-content\/uploads\/2025\/12\/c-users-sravnikar-appdata-local-microsoft-windows-300x170.jpeg 300w\" sizes=\"(max-width: 928px) 100vw, 928px\" \/> <img loading=\"lazy\" width=\"935\" height=\"701\" class=\"wp-image-10040\" src=\"https:\/\/www.os-dravograd.si\/wp-content\/uploads\/2025\/12\/c-users-sravnikar-appdata-local-microsoft-windows-1.jpeg\" alt=\"C:\\Users\\sravnikar\\AppData\\Local\\Microsoft\\Windows\\INetCache\\Content.Word\\20251120_073914.jpg\" srcset=\"https:\/\/www.os-dravograd.si\/wp-content\/uploads\/2025\/12\/c-users-sravnikar-appdata-local-microsoft-windows-1.jpeg 935w, https:\/\/www.os-dravograd.si\/wp-content\/uploads\/2025\/12\/c-users-sravnikar-appdata-local-microsoft-windows-1-200x150.jpeg 200w, https:\/\/www.os-dravograd.si\/wp-content\/uploads\/2025\/12\/c-users-sravnikar-appdata-local-microsoft-windows-1-768x576.jpeg 768w, https:\/\/www.os-dravograd.si\/wp-content\/uploads\/2025\/12\/c-users-sravnikar-appdata-local-microsoft-windows-1-370x277.jpeg 370w, https:\/\/www.os-dravograd.si\/wp-content\/uploads\/2025\/12\/c-users-sravnikar-appdata-local-microsoft-windows-1-870x652.jpeg 870w, https:\/\/www.os-dravograd.si\/wp-content\/uploads\/2025\/12\/c-users-sravnikar-appdata-local-microsoft-windows-1-390x292.jpeg 390w, https:\/\/www.os-dravograd.si\/wp-content\/uploads\/2025\/12\/c-users-sravnikar-appdata-local-microsoft-windows-1-300x225.jpeg 300w\" sizes=\"(max-width: 935px) 100vw, 935px\" \/><\/p>\n","protected":false},"excerpt":{"rendered":"<p>U\u010denci, ki obiskujemo obvezni izbirni predmet Nem\u0161\u010dino v 8. razredu, smo se odlo\u010dili, da opravimo z ravnateljem na\u0161e \u0161ole kratek intervju. Povabili smo ga, da nam se pridru\u017ei v \u010dasu na\u0161e predure in z veseljem je na\u0161e povabilo sprejel. Tako smo 21. novembra najprej ustrezno uredili u\u010dilnico 71 ter organizirali pravo malo \u010dajanko. Pogovor z [&hellip;]<\/p>\n","protected":false},"author":1,"featured_media":10041,"comment_status":"closed","ping_status":"closed","sticky":false,"template":"","format":"standard","meta":{"ngg_post_thumbnail":0},"categories":[101,106,102],"tags":[],"_links":{"self":[{"href":"https:\/\/www.os-dravograd.si\/index.php\/wp-json\/wp\/v2\/posts\/10038"}],"collection":[{"href":"https:\/\/www.os-dravograd.si\/index.php\/wp-json\/wp\/v2\/posts"}],"about":[{"href":"https:\/\/www.os-dravograd.si\/index.php\/wp-json\/wp\/v2\/types\/post"}],"author":[{"embeddable":true,"href":"https:\/\/www.os-dravograd.si\/index.php\/wp-json\/wp\/v2\/users\/1"}],"replies":[{"embeddable":true,"href":"https:\/\/www.os-dravograd.si\/index.php\/wp-json\/wp\/v2\/comments?post=10038"}],"version-history":[{"count":2,"href":"https:\/\/www.os-dravograd.si\/index.php\/wp-json\/wp\/v2\/posts\/10038\/revisions"}],"predecessor-version":[{"id":10043,"href":"https:\/\/www.os-dravograd.si\/index.php\/wp-json\/wp\/v2\/posts\/10038\/revisions\/10043"}],"wp:featuredmedia":[{"embeddable":true,"href":"https:\/\/www.os-dravograd.si\/index.php\/wp-json\/wp\/v2\/media\/10041"}],"wp:attachment":[{"href":"https:\/\/www.os-dravograd.si\/index.php\/wp-json\/wp\/v2\/media?parent=10038"}],"wp:term":[{"taxonomy":"category","embeddable":true,"href":"https:\/\/www.os-dravograd.si\/index.php\/wp-json\/wp\/v2\/categories?post=10038"},{"taxonomy":"post_tag","embeddable":true,"href":"https:\/\/www.os-dravograd.si\/index.php\/wp-json\/wp\/v2\/tags?post=10038"}],"curies":[{"name":"wp","href":"https:\/\/api.w.org\/{rel}","templated":true}]}}