{"id":10124,"date":"2025-12-16T13:27:53","date_gmt":"2025-12-16T12:27:53","guid":{"rendered":"https:\/\/www.os-dravograd.si\/?p=10124"},"modified":"2025-12-16T13:27:55","modified_gmt":"2025-12-16T12:27:55","slug":"projekt-bridges-povezuje-sole-obcine-in-mlade-cez-meje","status":"publish","type":"post","link":"https:\/\/www.os-dravograd.si\/index.php\/2025\/12\/16\/projekt-bridges-povezuje-sole-obcine-in-mlade-cez-meje\/","title":{"rendered":"Projekt BRIDGES povezuje \u0161ole, ob\u010dine in mlade \u010dez meje"},"content":{"rendered":"<p>&nbsp;<\/p>\n<p>Na na\u0161i \u0161oli je potekala <strong>tiskovna konferenca projekta BRIDGES<\/strong>, ki se izvaja v okviru programa <strong>Interreg<\/strong>. Na dogodku smo predstavili projekt ter njegove cilje, s poudarkom na povezovanju izobra\u017eevalnih ustanov in krepitvi \u010dezmejnega sodelovanja.<\/p>\n<p>Tiskovne konference so se udele\u017eili <strong>ravnatelji sodelujo\u010dih \u0161ol<\/strong>, g. Lovro Plimon, ravnatelj O\u0160 Neznanih talcev Dravograd, g. Marko Havle, ravnatelj O\u0160 \u0160entjan\u017e, g. Daniel Ko\u0161utnik, ravnatelj osnovne \u0161ole Neuhaus ter predstavnica \u0161ole Lavam\u00fcnd, ga. Silvia Urban, ki so v svojih nagovorih poudarili pomen \u010dezmejnega sodelovanja, ter <strong>\u017eupani vseh sodelujo\u010dih ob\u010din<\/strong>, g. Anton Preksavec, \u017eupan ob\u010dine Dravograd, g. Wolfgang Gallant, \u017eupan ob\u010dine Lavam\u00fcnd ter g. Patrick Skubel, \u017eupan ob\u010dine Nauhaus, ki so izpostavili dobro sodelovanje s \u0161olami in uspe\u0161no sodelovanje med ob\u010dinami. Prisoten je bil tudi <strong>direktor Geoparka Karawanken<\/strong>, ki je izpostavil pomen povezovanja izobra\u017eevanja, kulture in naravne dedi\u0161\u010dine.<\/p>\n<p>Dogodka so se udele\u017eili tudi <strong>predstavniki medijev in televizijskih hi\u0161<\/strong>, ki so spremljali in posneli <strong>zadnjo, \u010detrto delavnico projekta<\/strong>, ki je potekala v Dravogradu. Na delavnicah u\u010denci skupaj z umetnico projekta <strong>Soo Fersch<\/strong> ustvarjajo na temo <strong>mostov \u2013 tako konkretnih kot tudi fiktivnih.<\/strong> Skozi skupno ustvarjanje se u\u010denci povezujejo, krepijo svojo kreativnost ter razvijajo medkulturni dialog.<\/p>\n<p>Tiskovna konferenca in delavnica sta znova potrdili, da projekt BRIDGES uspe\u0161no gradi mostove med \u0161olami, lokalnimi skupnostmi in mladimi na obeh straneh meje.<\/p>\n\n\n<figure class=\"wp-block-image size-large\"><img loading=\"lazy\" width=\"586\" height=\"303\" src=\"https:\/\/www.os-dravograd.si\/wp-content\/uploads\/2025\/09\/PO3-Project-logo-Slovenia-Austria_bilingual_bridges_CMYK.png\" alt=\"Projekt BRIDGES povezuje \u0161ole, ob\u010dine in mlade \u010dez meje\" class=\"wp-image-9254\" srcset=\"https:\/\/www.os-dravograd.si\/wp-content\/uploads\/2025\/09\/PO3-Project-logo-Slovenia-Austria_bilingual_bridges_CMYK.png 586w, https:\/\/www.os-dravograd.si\/wp-content\/uploads\/2025\/09\/PO3-Project-logo-Slovenia-Austria_bilingual_bridges_CMYK-200x103.png 200w, https:\/\/www.os-dravograd.si\/wp-content\/uploads\/2025\/09\/PO3-Project-logo-Slovenia-Austria_bilingual_bridges_CMYK-370x191.png 370w, https:\/\/www.os-dravograd.si\/wp-content\/uploads\/2025\/09\/PO3-Project-logo-Slovenia-Austria_bilingual_bridges_CMYK-390x202.png 390w, https:\/\/www.os-dravograd.si\/wp-content\/uploads\/2025\/09\/PO3-Project-logo-Slovenia-Austria_bilingual_bridges_CMYK-300x155.png 300w\" sizes=\"(max-width: 586px) 100vw, 586px\" \/><figcaption>Projekt BRIDGES povezuje \u0161ole, ob\u010dine in mlade \u010dez meje<\/figcaption><\/figure>\n\n\n\n<figure class=\"wp-block-gallery columns-1 is-cropped\"><ul class=\"blocks-gallery-grid\"><li class=\"blocks-gallery-item\"><figure><a href=\"https:\/\/www.os-dravograd.si\/wp-content\/uploads\/2025\/12\/DSC6415_foto_Urosh-Grabner-scaled.jpg\"><img loading=\"lazy\" width=\"1024\" height=\"683\" src=\"https:\/\/www.os-dravograd.si\/wp-content\/uploads\/2025\/12\/DSC6415_foto_Urosh-Grabner-1024x683.jpg\" alt=\"\" data-id=\"10125\" data-full-url=\"https:\/\/www.os-dravograd.si\/wp-content\/uploads\/2025\/12\/DSC6415_foto_Urosh-Grabner-scaled.jpg\" data-link=\"https:\/\/www.os-dravograd.si\/?attachment_id=10125\" class=\"wp-image-10125\" srcset=\"https:\/\/www.os-dravograd.si\/wp-content\/uploads\/2025\/12\/DSC6415_foto_Urosh-Grabner-1024x683.jpg 1024w, https:\/\/www.os-dravograd.si\/wp-content\/uploads\/2025\/12\/DSC6415_foto_Urosh-Grabner-200x133.jpg 200w, https:\/\/www.os-dravograd.si\/wp-content\/uploads\/2025\/12\/DSC6415_foto_Urosh-Grabner-768x512.jpg 768w, https:\/\/www.os-dravograd.si\/wp-content\/uploads\/2025\/12\/DSC6415_foto_Urosh-Grabner-1536x1024.jpg 1536w, https:\/\/www.os-dravograd.si\/wp-content\/uploads\/2025\/12\/DSC6415_foto_Urosh-Grabner-2048x1365.jpg 2048w, https:\/\/www.os-dravograd.si\/wp-content\/uploads\/2025\/12\/DSC6415_foto_Urosh-Grabner-1170x780.jpg 1170w, https:\/\/www.os-dravograd.si\/wp-content\/uploads\/2025\/12\/DSC6415_foto_Urosh-Grabner-370x247.jpg 370w, https:\/\/www.os-dravograd.si\/wp-content\/uploads\/2025\/12\/DSC6415_foto_Urosh-Grabner-870x580.jpg 870w, https:\/\/www.os-dravograd.si\/wp-content\/uploads\/2025\/12\/DSC6415_foto_Urosh-Grabner-390x260.jpg 390w, https:\/\/www.os-dravograd.si\/wp-content\/uploads\/2025\/12\/DSC6415_foto_Urosh-Grabner-300x200.jpg 300w\" sizes=\"(max-width: 1024px) 100vw, 1024px\" \/><\/a><\/figure><\/li><\/ul><\/figure>\n","protected":false},"excerpt":{"rendered":"<p>&nbsp; Na na\u0161i \u0161oli je potekala tiskovna konferenca projekta BRIDGES, ki se izvaja v okviru programa Interreg. Na dogodku smo predstavili projekt ter njegove cilje, s poudarkom na povezovanju izobra\u017eevalnih ustanov in krepitvi \u010dezmejnega sodelovanja. Tiskovne konference so se udele\u017eili ravnatelji sodelujo\u010dih \u0161ol, g. Lovro Plimon, ravnatelj O\u0160 Neznanih talcev Dravograd, g. Marko Havle, ravnatelj [&hellip;]<\/p>\n","protected":false},"author":1,"featured_media":10126,"comment_status":"closed","ping_status":"closed","sticky":false,"template":"","format":"standard","meta":{"ngg_post_thumbnail":0},"categories":[183,102],"tags":[],"_links":{"self":[{"href":"https:\/\/www.os-dravograd.si\/index.php\/wp-json\/wp\/v2\/posts\/10124"}],"collection":[{"href":"https:\/\/www.os-dravograd.si\/index.php\/wp-json\/wp\/v2\/posts"}],"about":[{"href":"https:\/\/www.os-dravograd.si\/index.php\/wp-json\/wp\/v2\/types\/post"}],"author":[{"embeddable":true,"href":"https:\/\/www.os-dravograd.si\/index.php\/wp-json\/wp\/v2\/users\/1"}],"replies":[{"embeddable":true,"href":"https:\/\/www.os-dravograd.si\/index.php\/wp-json\/wp\/v2\/comments?post=10124"}],"version-history":[{"count":1,"href":"https:\/\/www.os-dravograd.si\/index.php\/wp-json\/wp\/v2\/posts\/10124\/revisions"}],"predecessor-version":[{"id":10127,"href":"https:\/\/www.os-dravograd.si\/index.php\/wp-json\/wp\/v2\/posts\/10124\/revisions\/10127"}],"wp:featuredmedia":[{"embeddable":true,"href":"https:\/\/www.os-dravograd.si\/index.php\/wp-json\/wp\/v2\/media\/10126"}],"wp:attachment":[{"href":"https:\/\/www.os-dravograd.si\/index.php\/wp-json\/wp\/v2\/media?parent=10124"}],"wp:term":[{"taxonomy":"category","embeddable":true,"href":"https:\/\/www.os-dravograd.si\/index.php\/wp-json\/wp\/v2\/categories?post=10124"},{"taxonomy":"post_tag","embeddable":true,"href":"https:\/\/www.os-dravograd.si\/index.php\/wp-json\/wp\/v2\/tags?post=10124"}],"curies":[{"name":"wp","href":"https:\/\/api.w.org\/{rel}","templated":true}]}}