{"id":2302,"date":"2021-03-16T09:44:41","date_gmt":"2021-03-16T08:44:41","guid":{"rendered":"http:\/\/92.244.88.147\/wordpress\/?p=2302"},"modified":"2021-07-08T12:55:02","modified_gmt":"2021-07-08T10:55:02","slug":"krkijev-literarni-natecaj","status":"publish","type":"post","link":"https:\/\/www.os-dravograd.si\/index.php\/2021\/03\/16\/krkijev-literarni-natecaj\/","title":{"rendered":"Krkijev literarni nate\u010daj"},"content":{"rendered":"\n<p>Domi\u0161ljija je tista \u010darobna to\u010dka,<br>v kateri se kon\u010da konec<br>in se pri\u010dne neskon\u010dnost \u2026<\/p>\n\n\n\n<p>U\u010denci na\u0161e \u0161ole so nedavno uspe\u0161no sodelovali na Krkijevem literarnem nate\u010daju \u00bbS<br>Krkijem na pot\u00ab. Ustvarjali so pesmi, v katerih so razmi\u0161ljali o varnosti otrok v prometu.<br>\u0160ola je je prejela posebno zahvalo za sodelovanje, u\u010denci pa priznanje ter Krkijev odsevni trak.<br>Nate\u010daja se je udele\u017eilo 10 u\u010dencev na\u0161e \u0161ole, in sicer K. \u0160trigl Bra\u010dun iz 7. a, T. Kobovc, N. Grilc in \u017d. Rapuc iz 7. b, T. Ro\u017eej, \u017d. Repnik, \u017d. Senti\u010d in H. Sekuti iz 9. a ter U. Paska in T. Kralj iz 9. b.<br>Pesem No\u010dni \u017eur, ki jo je napisal u\u010denec T. Kralj, je prejela posebno nagrado in bo tudi objavljena v Krkijevi knji\u017eici.<\/p>\n\n\n\n<p class=\"has-text-align-center\">No\u010dni \u017eur<br>\u00bbNe pij,\u00ab so star\u0161i govorili,<br>\u00bbne bodi pozen,\u00ab so ta stari ti te\u017eili.<br>\u00bbObleci se bolj svetlo, nadeni si kresnico!\u00ab<br>Res je nemogo\u010de, da delajo tako ti krivico.<br>Zmedeno zavija\u0161 po cesti, na kateri ni lu\u010di,<br>ker v u\u0161esih so slu\u0161alke, te zvok motorja iz transa ne zbudi.<br>Naslednje, kar se spomni\u0161, v soju si lu\u010di,<br>doktor, ves v belem, z \u017ealostjo ti gleda v o\u010di.<br>Ko le upo\u0161teval bi pravila<br>in nosil svetla obla\u010dila.<br>Ko le poslu\u0161al bi ostale,<br>tvoje mlade noge bi pokonci te dr\u017eale.<\/p>\n\n\n\n<p>Iskreno \u010destitamo!<br>Mentorica: Marijana P\u0161eni\u010dnik<\/p>\n","protected":false},"excerpt":{"rendered":"<p>Domi\u0161ljija je tista \u010darobna to\u010dka,v kateri se kon\u010da konecin se pri\u010dne neskon\u010dnost \u2026 U\u010denci na\u0161e \u0161ole so nedavno uspe\u0161no sodelovali na Krkijevem literarnem nate\u010daju \u00bbSKrkijem na pot\u00ab. Ustvarjali so pesmi, v katerih so razmi\u0161ljali o varnosti otrok v prometu.\u0160ola je je prejela posebno zahvalo za sodelovanje, u\u010denci pa priznanje ter Krkijev odsevni trak.Nate\u010daja se je [&hellip;]<\/p>\n","protected":false},"author":1,"featured_media":2303,"comment_status":"closed","ping_status":"closed","sticky":false,"template":"","format":"standard","meta":{"ngg_post_thumbnail":0},"categories":[148],"tags":[],"_links":{"self":[{"href":"https:\/\/www.os-dravograd.si\/index.php\/wp-json\/wp\/v2\/posts\/2302"}],"collection":[{"href":"https:\/\/www.os-dravograd.si\/index.php\/wp-json\/wp\/v2\/posts"}],"about":[{"href":"https:\/\/www.os-dravograd.si\/index.php\/wp-json\/wp\/v2\/types\/post"}],"author":[{"embeddable":true,"href":"https:\/\/www.os-dravograd.si\/index.php\/wp-json\/wp\/v2\/users\/1"}],"replies":[{"embeddable":true,"href":"https:\/\/www.os-dravograd.si\/index.php\/wp-json\/wp\/v2\/comments?post=2302"}],"version-history":[{"count":0,"href":"https:\/\/www.os-dravograd.si\/index.php\/wp-json\/wp\/v2\/posts\/2302\/revisions"}],"wp:featuredmedia":[{"embeddable":true,"href":"https:\/\/www.os-dravograd.si\/index.php\/wp-json\/wp\/v2\/media\/2303"}],"wp:attachment":[{"href":"https:\/\/www.os-dravograd.si\/index.php\/wp-json\/wp\/v2\/media?parent=2302"}],"wp:term":[{"taxonomy":"category","embeddable":true,"href":"https:\/\/www.os-dravograd.si\/index.php\/wp-json\/wp\/v2\/categories?post=2302"},{"taxonomy":"post_tag","embeddable":true,"href":"https:\/\/www.os-dravograd.si\/index.php\/wp-json\/wp\/v2\/tags?post=2302"}],"curies":[{"name":"wp","href":"https:\/\/api.w.org\/{rel}","templated":true}]}}