{"id":2659,"date":"2021-09-20T11:22:23","date_gmt":"2021-09-20T09:22:23","guid":{"rendered":"https:\/\/www.os-dravograd.si\/www\/?p=2659"},"modified":"2022-10-27T08:33:58","modified_gmt":"2022-10-27T06:33:58","slug":"moje-telo-je-vec-kot-le-obesalnik","status":"publish","type":"post","link":"https:\/\/www.os-dravograd.si\/index.php\/2021\/09\/20\/moje-telo-je-vec-kot-le-obesalnik\/","title":{"rendered":"Moje telo je ve\u010d kot le obe\u0161alnik"},"content":{"rendered":"\n<p>14., 15., in 16. septembra so na na\u0161i \u0161oli potekala predavanja in delavnice dr. Lucije \u010cevnik, namenjena u\u010dencem 6., 7. in 8. razredov, na temo du\u0161evnega zdravja pod naslovom &#8220;Moje telo je ve\u010d kot le obe\u0161alnik&#8221;. Skupaj gradimo pozitivno telesno samopodobo in razbijamo \u0161kodljive stereotipe. O klju\u010dnih \u017eivljenjskih temah se je z mladimi potrebno pogovarjati in jih u\u010diti, kako se soo\u010dati z izzivi na\u0161ega vsakdana.<\/p>\n\n\n\n<figure class=\"wp-block-image size-large\"><img loading=\"lazy\" width=\"800\" height=\"600\" src=\"https:\/\/www.os-dravograd.si\/www\/wp-content\/uploads\/2021\/09\/IMG_20210915.jpg\" alt=\"\" class=\"wp-image-2660\" srcset=\"https:\/\/www.os-dravograd.si\/wp-content\/uploads\/2021\/09\/IMG_20210915.jpg 800w, https:\/\/www.os-dravograd.si\/wp-content\/uploads\/2021\/09\/IMG_20210915-200x150.jpg 200w, https:\/\/www.os-dravograd.si\/wp-content\/uploads\/2021\/09\/IMG_20210915-768x576.jpg 768w, https:\/\/www.os-dravograd.si\/wp-content\/uploads\/2021\/09\/IMG_20210915-370x278.jpg 370w, https:\/\/www.os-dravograd.si\/wp-content\/uploads\/2021\/09\/IMG_20210915-390x293.jpg 390w, https:\/\/www.os-dravograd.si\/wp-content\/uploads\/2021\/09\/IMG_20210915-300x225.jpg 300w\" sizes=\"(max-width: 800px) 100vw, 800px\" \/><\/figure>\n\n\n\n<p><\/p>\n","protected":false},"excerpt":{"rendered":"<p>14., 15., in 16. septembra so na na\u0161i \u0161oli potekala predavanja in delavnice dr. Lucije \u010cevnik, namenjena u\u010dencem 6., 7. in 8. razredov, na temo du\u0161evnega zdravja pod naslovom &#8220;Moje telo je ve\u010d kot le obe\u0161alnik&#8221;. Skupaj gradimo pozitivno telesno samopodobo in razbijamo \u0161kodljive stereotipe. O klju\u010dnih \u017eivljenjskih temah se je z mladimi potrebno pogovarjati [&hellip;]<\/p>\n","protected":false},"author":1,"featured_media":0,"comment_status":"closed","ping_status":"closed","sticky":false,"template":"","format":"standard","meta":{"ngg_post_thumbnail":0},"categories":[163],"tags":[],"_links":{"self":[{"href":"https:\/\/www.os-dravograd.si\/index.php\/wp-json\/wp\/v2\/posts\/2659"}],"collection":[{"href":"https:\/\/www.os-dravograd.si\/index.php\/wp-json\/wp\/v2\/posts"}],"about":[{"href":"https:\/\/www.os-dravograd.si\/index.php\/wp-json\/wp\/v2\/types\/post"}],"author":[{"embeddable":true,"href":"https:\/\/www.os-dravograd.si\/index.php\/wp-json\/wp\/v2\/users\/1"}],"replies":[{"embeddable":true,"href":"https:\/\/www.os-dravograd.si\/index.php\/wp-json\/wp\/v2\/comments?post=2659"}],"version-history":[{"count":1,"href":"https:\/\/www.os-dravograd.si\/index.php\/wp-json\/wp\/v2\/posts\/2659\/revisions"}],"predecessor-version":[{"id":3932,"href":"https:\/\/www.os-dravograd.si\/index.php\/wp-json\/wp\/v2\/posts\/2659\/revisions\/3932"}],"wp:attachment":[{"href":"https:\/\/www.os-dravograd.si\/index.php\/wp-json\/wp\/v2\/media?parent=2659"}],"wp:term":[{"taxonomy":"category","embeddable":true,"href":"https:\/\/www.os-dravograd.si\/index.php\/wp-json\/wp\/v2\/categories?post=2659"},{"taxonomy":"post_tag","embeddable":true,"href":"https:\/\/www.os-dravograd.si\/index.php\/wp-json\/wp\/v2\/tags?post=2659"}],"curies":[{"name":"wp","href":"https:\/\/api.w.org\/{rel}","templated":true}]}}