{"id":2693,"date":"2021-10-01T12:35:33","date_gmt":"2021-10-01T10:35:33","guid":{"rendered":"https:\/\/www.os-dravograd.si\/www\/?p=2693"},"modified":"2022-10-27T08:33:08","modified_gmt":"2022-10-27T06:33:08","slug":"evropski-dan-jezikov-european-day-of-languages","status":"publish","type":"post","link":"https:\/\/www.os-dravograd.si\/index.php\/2021\/10\/01\/evropski-dan-jezikov-european-day-of-languages\/","title":{"rendered":"Evropski dan jezikov \u2013 European day of languages"},"content":{"rendered":"\n<p><strong>V petek 24. 9. 2021<\/strong> je na \u0161oli in vseh podru\u017enicah potekal dan dejavnosti na temo <strong>Evropski dan jezikov \u2013 <\/strong><strong>European day of languages.<\/strong><\/p>\n\n\n\n<p>To je dan, ko praznujemo jezikovno raznolikost v Evropi in spodbujamo u\u010denje tujih jezikov.<\/p>\n\n\n\n<p>Na pobudo Sveta Evrope od 2001 vsako leto praznujemo 26. septembra evropski dan jezikov.<\/p>\n\n\n\n<p><strong>Osnovni cilji <\/strong>evropskega dneva jezikov so:<\/p>\n\n\n\n<p><strong>&#8211; dvigniti zavest o pomembnosti u\u010denja jezikov z namenom spodbujanja raznojezi\u010dnosti in &nbsp;medkulturnega razumevanja,<\/strong><\/p>\n\n\n\n<p><strong>&#8211; zavzemati se za bogato jezikovno in kulturno raznolikost v Evropi ter<\/strong><\/p>\n\n\n\n<p><strong>&#8211; spodbujati vse\u017eivljenjsko u\u010denje jezikov v \u0161oli in izven nje.<\/strong><\/p>\n\n\n\n<p><strong>V strokovnem aktivu tujih jezikov<\/strong> smo se odlo\u010dili, da tudi na na\u0161i \u0161oli obele\u017eimo ta dan na poseben na\u010din. Pripravili smo navodila s smernicami, nato pa je vsak razred raziskoval in ustvarjal po svoje.<\/p>\n\n\n\n<p>U\u010denci so pod mentorstvom razrednikov in so-razrednikov ustvarjali. <strong>Najprej so se pogovorili o pomenu u\u010denja in znanja jezikov<\/strong> ter jezikovni in kulturni raznolikosti v Evropi, nato pa spoznavali posamezne dr\u017eave z razli\u010dnih zornih kotov. Nekateri so preu\u010devali kulturo, \u0161porte, kulinariko, znanstvenike, drugi znamenitosti, rastlinski in \u017eivalski svet Evrope, pesmi, plese in \u0161e kaj.<\/p>\n\n\n\n<p><strong>Vsi so na prijeten na\u010din spoznali in se nau\u010dili nekaj novega. Nastali so razli\u010dni izdelki, ki si jih lahko ogledate v prilogi.<\/strong>\u00a0<a href=\"https:\/\/www.os-dravograd.si\/index.php\/dogodki\/dokumenti-predstavitve\/511-dan-dejavnosti-2492021\"><\/a><\/p>\n\n\n\n<div class=\"wp-block-file\"><a href=\"https:\/\/www.os-dravograd.si\/www\/wp-content\/uploads\/2021\/10\/dan-dejavnosti.pptx\">dan-dejavnosti<\/a><a href=\"https:\/\/www.os-dravograd.si\/www\/wp-content\/uploads\/2021\/10\/dan-dejavnosti.pptx\" class=\"wp-block-file__button\" download>Prenos<\/a><\/div>\n\n\n\n<p><\/p>\n\n\n\n<p>Zapisala: Helena Gosten\u010dnik, u\u010diteljica angle\u0161\u010dine in geografije<\/p>\n","protected":false},"excerpt":{"rendered":"<p>V petek 24. 9. 2021 je na \u0161oli in vseh podru\u017enicah potekal dan dejavnosti na temo Evropski dan jezikov \u2013 European day of languages. To je dan, ko praznujemo jezikovno raznolikost v Evropi in spodbujamo u\u010denje tujih jezikov. Na pobudo Sveta Evrope od 2001 vsako leto praznujemo 26. septembra evropski dan jezikov. Osnovni cilji evropskega [&hellip;]<\/p>\n","protected":false},"author":1,"featured_media":2694,"comment_status":"closed","ping_status":"closed","sticky":false,"template":"","format":"standard","meta":{"ngg_post_thumbnail":0},"categories":[163],"tags":[],"_links":{"self":[{"href":"https:\/\/www.os-dravograd.si\/index.php\/wp-json\/wp\/v2\/posts\/2693"}],"collection":[{"href":"https:\/\/www.os-dravograd.si\/index.php\/wp-json\/wp\/v2\/posts"}],"about":[{"href":"https:\/\/www.os-dravograd.si\/index.php\/wp-json\/wp\/v2\/types\/post"}],"author":[{"embeddable":true,"href":"https:\/\/www.os-dravograd.si\/index.php\/wp-json\/wp\/v2\/users\/1"}],"replies":[{"embeddable":true,"href":"https:\/\/www.os-dravograd.si\/index.php\/wp-json\/wp\/v2\/comments?post=2693"}],"version-history":[{"count":1,"href":"https:\/\/www.os-dravograd.si\/index.php\/wp-json\/wp\/v2\/posts\/2693\/revisions"}],"predecessor-version":[{"id":3928,"href":"https:\/\/www.os-dravograd.si\/index.php\/wp-json\/wp\/v2\/posts\/2693\/revisions\/3928"}],"wp:featuredmedia":[{"embeddable":true,"href":"https:\/\/www.os-dravograd.si\/index.php\/wp-json\/wp\/v2\/media\/2694"}],"wp:attachment":[{"href":"https:\/\/www.os-dravograd.si\/index.php\/wp-json\/wp\/v2\/media?parent=2693"}],"wp:term":[{"taxonomy":"category","embeddable":true,"href":"https:\/\/www.os-dravograd.si\/index.php\/wp-json\/wp\/v2\/categories?post=2693"},{"taxonomy":"post_tag","embeddable":true,"href":"https:\/\/www.os-dravograd.si\/index.php\/wp-json\/wp\/v2\/tags?post=2693"}],"curies":[{"name":"wp","href":"https:\/\/api.w.org\/{rel}","templated":true}]}}