{"id":3330,"date":"2022-05-30T09:25:46","date_gmt":"2022-05-30T07:25:46","guid":{"rendered":"https:\/\/www.os-dravograd.si\/?p=3330"},"modified":"2022-10-27T08:23:29","modified_gmt":"2022-10-27T06:23:29","slug":"naravoslovna-delavnica-za-nadarjene-geopark-karavanke","status":"publish","type":"post","link":"https:\/\/www.os-dravograd.si\/index.php\/2022\/05\/30\/naravoslovna-delavnica-za-nadarjene-geopark-karavanke\/","title":{"rendered":"NARAVOSLOVNA DELAVNICA ZA NADARJENE \u2013 GEOPARK KARAVANKE"},"content":{"rendered":"\n<p><strong>GORE \u2013 SVET VISOKO NAD NAMI<\/strong><\/p>\n\n\n\n<p><\/p>\n\n\n<p>Geopark Karavanke je \u010dezmejno obmo\u010dje Slovenije in Avstrije, ki ga lo\u010duje gorska veriga Karavanke. Obsega obmo\u010dje petih slovenskih in devetih avstrijskih ob\u010din.<\/p>\n<p>Na\u0161a \u0161ola le\u017ei na obmo\u010dju Geoparka Karavanke, zato je \u017ee ve\u010d let vklju\u010dena v projekt Geopark Karavanke, v katerem raziskujemo in izpostavljamo tiste zna\u010dilnosti tega podro\u010dja, zaradi katerega smo bogatej\u0161i tako v geolo\u0161kem, naravnem in kulturnem smislu.<\/p>\n<p>Vsako leto Geopark Karavanke razpi\u0161e letno temo, na katero potem mentorici Vida in Helena organizirava delavnico za nadarjene.<\/p>\n<p><strong>V ponedeljek 23. 5. 2022<\/strong> je na \u0161oli potekala naravoslovna delavnica za nadarjene u\u010dence 3. triade na temo <strong>GORE, SVET VISOKO NAD NAMI.<\/strong><\/p>\n<p>Najprej je u\u010diteljica Helena predstavila obmo\u010dje Geoparka Karavanke, njegov pomen, cilje ter geolo\u0161ko, naravno in kulturno dedi\u0161\u010dino tega obmo\u010dja.<\/p>\n<p>Nato je u\u010diteljica Vida predstavila in razlo\u017eila nastanek in delovanje vulkanov, kamninski krog, vrste kamnin in nastanek gora. Nekaj pozornosti smo namenili tudi ugotavljanju posebnih \u017eivljenjskih razmer in prilagoditev v gorah tako za rastline kot \u017eivali.<\/p>\n<p>Pogovorili smo se tudi o bontonu v gorah. U\u010denci so na koncu izpolnili delovni list na temo Bonton v gorah in Kamnine in izvedli nekaj prakti\u010dnih vaj: izbruh vulkana, premikanje tektonskih plo\u0161\u010d in raziskovanje Zemljine notranjosti.<\/p>\n<p>Mentorici: Vida Jau\u0161ovec in Helena Gosten\u010dnik<\/p>\n<p><strong><img loading=\"lazy\" width=\"1203\" height=\"904\" class=\"wp-image-3332\" src=\"https:\/\/www.os-dravograd.si\/wp-content\/uploads\/2022\/05\/slika-ki-vsebuje-besede-besedilo-drevo-raznolik.png\" alt=\"Slika, ki vsebuje besede besedilo, drevo, raznoliko, rastlina\n\nOpis je samodejno ustvarjen\" srcset=\"https:\/\/www.os-dravograd.si\/wp-content\/uploads\/2022\/05\/slika-ki-vsebuje-besede-besedilo-drevo-raznolik.png 1203w, https:\/\/www.os-dravograd.si\/wp-content\/uploads\/2022\/05\/slika-ki-vsebuje-besede-besedilo-drevo-raznolik-200x150.png 200w, https:\/\/www.os-dravograd.si\/wp-content\/uploads\/2022\/05\/slika-ki-vsebuje-besede-besedilo-drevo-raznolik-1024x769.png 1024w, https:\/\/www.os-dravograd.si\/wp-content\/uploads\/2022\/05\/slika-ki-vsebuje-besede-besedilo-drevo-raznolik-768x577.png 768w, https:\/\/www.os-dravograd.si\/wp-content\/uploads\/2022\/05\/slika-ki-vsebuje-besede-besedilo-drevo-raznolik-1170x879.png 1170w, https:\/\/www.os-dravograd.si\/wp-content\/uploads\/2022\/05\/slika-ki-vsebuje-besede-besedilo-drevo-raznolik-370x278.png 370w, https:\/\/www.os-dravograd.si\/wp-content\/uploads\/2022\/05\/slika-ki-vsebuje-besede-besedilo-drevo-raznolik-870x654.png 870w, https:\/\/www.os-dravograd.si\/wp-content\/uploads\/2022\/05\/slika-ki-vsebuje-besede-besedilo-drevo-raznolik-390x293.png 390w, https:\/\/www.os-dravograd.si\/wp-content\/uploads\/2022\/05\/slika-ki-vsebuje-besede-besedilo-drevo-raznolik-300x225.png 300w\" sizes=\"(max-width: 1203px) 100vw, 1203px\" \/> <img loading=\"lazy\" width=\"1206\" height=\"900\" class=\"wp-image-3333\" src=\"https:\/\/www.os-dravograd.si\/wp-content\/uploads\/2022\/05\/word-image-5.png\" srcset=\"https:\/\/www.os-dravograd.si\/wp-content\/uploads\/2022\/05\/word-image-5.png 1206w, https:\/\/www.os-dravograd.si\/wp-content\/uploads\/2022\/05\/word-image-5-200x149.png 200w, https:\/\/www.os-dravograd.si\/wp-content\/uploads\/2022\/05\/word-image-5-1024x764.png 1024w, https:\/\/www.os-dravograd.si\/wp-content\/uploads\/2022\/05\/word-image-5-768x573.png 768w, https:\/\/www.os-dravograd.si\/wp-content\/uploads\/2022\/05\/word-image-5-1170x873.png 1170w, https:\/\/www.os-dravograd.si\/wp-content\/uploads\/2022\/05\/word-image-5-370x276.png 370w, https:\/\/www.os-dravograd.si\/wp-content\/uploads\/2022\/05\/word-image-5-870x649.png 870w, https:\/\/www.os-dravograd.si\/wp-content\/uploads\/2022\/05\/word-image-5-390x291.png 390w, https:\/\/www.os-dravograd.si\/wp-content\/uploads\/2022\/05\/word-image-5-300x224.png 300w\" sizes=\"(max-width: 1206px) 100vw, 1206px\" \/><\/strong><\/p>\n<p><img loading=\"lazy\" width=\"1379\" height=\"1034\" class=\"wp-image-3334\" src=\"https:\/\/www.os-dravograd.si\/wp-content\/uploads\/2022\/05\/slika-ki-vsebuje-besede-besedilo-restavracija-k.jpeg\" alt=\"Slika, ki vsebuje besede besedilo, restavracija, konferen\u010dna soba\n\nOpis je samodejno ustvarjen\" srcset=\"https:\/\/www.os-dravograd.si\/wp-content\/uploads\/2022\/05\/slika-ki-vsebuje-besede-besedilo-restavracija-k.jpeg 1379w, https:\/\/www.os-dravograd.si\/wp-content\/uploads\/2022\/05\/slika-ki-vsebuje-besede-besedilo-restavracija-k-200x150.jpeg 200w, https:\/\/www.os-dravograd.si\/wp-content\/uploads\/2022\/05\/slika-ki-vsebuje-besede-besedilo-restavracija-k-1024x768.jpeg 1024w, https:\/\/www.os-dravograd.si\/wp-content\/uploads\/2022\/05\/slika-ki-vsebuje-besede-besedilo-restavracija-k-768x576.jpeg 768w, https:\/\/www.os-dravograd.si\/wp-content\/uploads\/2022\/05\/slika-ki-vsebuje-besede-besedilo-restavracija-k-1170x877.jpeg 1170w, https:\/\/www.os-dravograd.si\/wp-content\/uploads\/2022\/05\/slika-ki-vsebuje-besede-besedilo-restavracija-k-370x277.jpeg 370w, https:\/\/www.os-dravograd.si\/wp-content\/uploads\/2022\/05\/slika-ki-vsebuje-besede-besedilo-restavracija-k-870x652.jpeg 870w, https:\/\/www.os-dravograd.si\/wp-content\/uploads\/2022\/05\/slika-ki-vsebuje-besede-besedilo-restavracija-k-390x292.jpeg 390w, https:\/\/www.os-dravograd.si\/wp-content\/uploads\/2022\/05\/slika-ki-vsebuje-besede-besedilo-restavracija-k-300x225.jpeg 300w\" sizes=\"(max-width: 1379px) 100vw, 1379px\" \/><\/p>\n<p><img loading=\"lazy\" width=\"681\" height=\"510\" class=\"wp-image-3335\" src=\"https:\/\/www.os-dravograd.si\/wp-content\/uploads\/2022\/05\/slika-ki-vsebuje-besede-miza-oseba-opis-je-samo.jpeg\" alt=\"Slika, ki vsebuje besede miza, oseba\n\nOpis je samodejno ustvarjen\" srcset=\"https:\/\/www.os-dravograd.si\/wp-content\/uploads\/2022\/05\/slika-ki-vsebuje-besede-miza-oseba-opis-je-samo.jpeg 681w, https:\/\/www.os-dravograd.si\/wp-content\/uploads\/2022\/05\/slika-ki-vsebuje-besede-miza-oseba-opis-je-samo-200x150.jpeg 200w, https:\/\/www.os-dravograd.si\/wp-content\/uploads\/2022\/05\/slika-ki-vsebuje-besede-miza-oseba-opis-je-samo-370x277.jpeg 370w, https:\/\/www.os-dravograd.si\/wp-content\/uploads\/2022\/05\/slika-ki-vsebuje-besede-miza-oseba-opis-je-samo-390x292.jpeg 390w, https:\/\/www.os-dravograd.si\/wp-content\/uploads\/2022\/05\/slika-ki-vsebuje-besede-miza-oseba-opis-je-samo-300x225.jpeg 300w\" sizes=\"(max-width: 681px) 100vw, 681px\" \/> <img loading=\"lazy\" width=\"673\" height=\"505\" class=\"wp-image-3336\" src=\"https:\/\/www.os-dravograd.si\/wp-content\/uploads\/2022\/05\/slika-ki-vsebuje-besede-oseba-miza-jedilna-miza.jpeg\" alt=\"Slika, ki vsebuje besede oseba, miza, jedilna miza\n\nOpis je samodejno ustvarjen\" srcset=\"https:\/\/www.os-dravograd.si\/wp-content\/uploads\/2022\/05\/slika-ki-vsebuje-besede-oseba-miza-jedilna-miza.jpeg 673w, https:\/\/www.os-dravograd.si\/wp-content\/uploads\/2022\/05\/slika-ki-vsebuje-besede-oseba-miza-jedilna-miza-200x150.jpeg 200w, https:\/\/www.os-dravograd.si\/wp-content\/uploads\/2022\/05\/slika-ki-vsebuje-besede-oseba-miza-jedilna-miza-370x278.jpeg 370w, https:\/\/www.os-dravograd.si\/wp-content\/uploads\/2022\/05\/slika-ki-vsebuje-besede-oseba-miza-jedilna-miza-390x293.jpeg 390w, https:\/\/www.os-dravograd.si\/wp-content\/uploads\/2022\/05\/slika-ki-vsebuje-besede-oseba-miza-jedilna-miza-300x225.jpeg 300w\" sizes=\"(max-width: 673px) 100vw, 673px\" \/><\/p>\n<p>\u010cokoladne penice kot Zemlja, le\u0161nik pa predstavlja njeno jedro.<\/p>\n<p>Zemlja je sestavljena iz mnogo tektonskih plo\u0161\u010d, ki se neprestano premikajo. Nekatere se odmikajo, nekatere drsijo druga ob drugi, druge se podrivajo ali narivajo.<\/p>\n<p>Pri tem nastajajo potresi, vulkanski izbruhi, gorovja, nova oceanska dna.<\/p>\n<p><img loading=\"lazy\" width=\"704\" height=\"528\" class=\"wp-image-3337\" src=\"https:\/\/www.os-dravograd.si\/wp-content\/uploads\/2022\/05\/slika-ki-vsebuje-besede-namizni-pribor-zelenjava.jpeg\" alt=\"Slika, ki vsebuje besede namizni pribor, zelenjava\n\nOpis je samodejno ustvarjen\" srcset=\"https:\/\/www.os-dravograd.si\/wp-content\/uploads\/2022\/05\/slika-ki-vsebuje-besede-namizni-pribor-zelenjava.jpeg 704w, https:\/\/www.os-dravograd.si\/wp-content\/uploads\/2022\/05\/slika-ki-vsebuje-besede-namizni-pribor-zelenjava-200x150.jpeg 200w, https:\/\/www.os-dravograd.si\/wp-content\/uploads\/2022\/05\/slika-ki-vsebuje-besede-namizni-pribor-zelenjava-370x278.jpeg 370w, https:\/\/www.os-dravograd.si\/wp-content\/uploads\/2022\/05\/slika-ki-vsebuje-besede-namizni-pribor-zelenjava-390x293.jpeg 390w, https:\/\/www.os-dravograd.si\/wp-content\/uploads\/2022\/05\/slika-ki-vsebuje-besede-namizni-pribor-zelenjava-300x225.jpeg 300w\" sizes=\"(max-width: 704px) 100vw, 704px\" \/> <img loading=\"lazy\" width=\"523\" height=\"698\" class=\"wp-image-3338\" src=\"https:\/\/www.os-dravograd.si\/wp-content\/uploads\/2022\/05\/slika-ki-vsebuje-besede-oseba-notranji-opis-je.jpeg\" alt=\"Slika, ki vsebuje besede oseba, notranji\n\nOpis je samodejno ustvarjen\" srcset=\"https:\/\/www.os-dravograd.si\/wp-content\/uploads\/2022\/05\/slika-ki-vsebuje-besede-oseba-notranji-opis-je.jpeg 523w, https:\/\/www.os-dravograd.si\/wp-content\/uploads\/2022\/05\/slika-ki-vsebuje-besede-oseba-notranji-opis-je-150x200.jpeg 150w, https:\/\/www.os-dravograd.si\/wp-content\/uploads\/2022\/05\/slika-ki-vsebuje-besede-oseba-notranji-opis-je-370x494.jpeg 370w, https:\/\/www.os-dravograd.si\/wp-content\/uploads\/2022\/05\/slika-ki-vsebuje-besede-oseba-notranji-opis-je-390x520.jpeg 390w, https:\/\/www.os-dravograd.si\/wp-content\/uploads\/2022\/05\/slika-ki-vsebuje-besede-oseba-notranji-opis-je-300x400.jpeg 300w\" sizes=\"(max-width: 523px) 100vw, 523px\" \/><\/p>\n<p>S keksi Oreo prikaz premikanja tektonskih plo\u0161\u010d.<\/p>\n<p><img loading=\"lazy\" width=\"655\" height=\"873\" class=\"wp-image-3339\" src=\"https:\/\/www.os-dravograd.si\/wp-content\/uploads\/2022\/05\/slika-ki-vsebuje-besede-oseba-dekle-zenska-opi.jpeg\" alt=\"Slika, ki vsebuje besede oseba, dekle, \u017eenska\n\nOpis je samodejno ustvarjen\" srcset=\"https:\/\/www.os-dravograd.si\/wp-content\/uploads\/2022\/05\/slika-ki-vsebuje-besede-oseba-dekle-zenska-opi.jpeg 655w, https:\/\/www.os-dravograd.si\/wp-content\/uploads\/2022\/05\/slika-ki-vsebuje-besede-oseba-dekle-zenska-opi-150x200.jpeg 150w, https:\/\/www.os-dravograd.si\/wp-content\/uploads\/2022\/05\/slika-ki-vsebuje-besede-oseba-dekle-zenska-opi-370x493.jpeg 370w, https:\/\/www.os-dravograd.si\/wp-content\/uploads\/2022\/05\/slika-ki-vsebuje-besede-oseba-dekle-zenska-opi-390x520.jpeg 390w, https:\/\/www.os-dravograd.si\/wp-content\/uploads\/2022\/05\/slika-ki-vsebuje-besede-oseba-dekle-zenska-opi-300x400.jpeg 300w\" sizes=\"(max-width: 655px) 100vw, 655px\" \/> <img loading=\"lazy\" width=\"658\" height=\"877\" class=\"wp-image-3340\" src=\"https:\/\/www.os-dravograd.si\/wp-content\/uploads\/2022\/05\/word-image-8.jpeg\" srcset=\"https:\/\/www.os-dravograd.si\/wp-content\/uploads\/2022\/05\/word-image-8.jpeg 658w, https:\/\/www.os-dravograd.si\/wp-content\/uploads\/2022\/05\/word-image-8-150x200.jpeg 150w, https:\/\/www.os-dravograd.si\/wp-content\/uploads\/2022\/05\/word-image-8-370x493.jpeg 370w, https:\/\/www.os-dravograd.si\/wp-content\/uploads\/2022\/05\/word-image-8-390x520.jpeg 390w, https:\/\/www.os-dravograd.si\/wp-content\/uploads\/2022\/05\/word-image-8-300x400.jpeg 300w\" sizes=\"(max-width: 658px) 100vw, 658px\" \/><\/p>\n<p>Izbruh vulkana.<\/p>\n<p>&nbsp;<\/p>","protected":false},"excerpt":{"rendered":"<p>GORE \u2013 SVET VISOKO NAD NAMI Geopark Karavanke je \u010dezmejno obmo\u010dje Slovenije in Avstrije, ki ga lo\u010duje gorska veriga Karavanke. Obsega obmo\u010dje petih slovenskih in devetih avstrijskih ob\u010din. Na\u0161a \u0161ola le\u017ei na obmo\u010dju Geoparka Karavanke, zato je \u017ee ve\u010d let vklju\u010dena v projekt Geopark Karavanke, v katerem raziskujemo in izpostavljamo tiste zna\u010dilnosti tega podro\u010dja, zaradi [&hellip;]<\/p>\n","protected":false},"author":1,"featured_media":3331,"comment_status":"closed","ping_status":"closed","sticky":false,"template":"","format":"standard","meta":{"ngg_post_thumbnail":0},"categories":[163],"tags":[],"_links":{"self":[{"href":"https:\/\/www.os-dravograd.si\/index.php\/wp-json\/wp\/v2\/posts\/3330"}],"collection":[{"href":"https:\/\/www.os-dravograd.si\/index.php\/wp-json\/wp\/v2\/posts"}],"about":[{"href":"https:\/\/www.os-dravograd.si\/index.php\/wp-json\/wp\/v2\/types\/post"}],"author":[{"embeddable":true,"href":"https:\/\/www.os-dravograd.si\/index.php\/wp-json\/wp\/v2\/users\/1"}],"replies":[{"embeddable":true,"href":"https:\/\/www.os-dravograd.si\/index.php\/wp-json\/wp\/v2\/comments?post=3330"}],"version-history":[{"count":3,"href":"https:\/\/www.os-dravograd.si\/index.php\/wp-json\/wp\/v2\/posts\/3330\/revisions"}],"predecessor-version":[{"id":3344,"href":"https:\/\/www.os-dravograd.si\/index.php\/wp-json\/wp\/v2\/posts\/3330\/revisions\/3344"}],"wp:featuredmedia":[{"embeddable":true,"href":"https:\/\/www.os-dravograd.si\/index.php\/wp-json\/wp\/v2\/media\/3331"}],"wp:attachment":[{"href":"https:\/\/www.os-dravograd.si\/index.php\/wp-json\/wp\/v2\/media?parent=3330"}],"wp:term":[{"taxonomy":"category","embeddable":true,"href":"https:\/\/www.os-dravograd.si\/index.php\/wp-json\/wp\/v2\/categories?post=3330"},{"taxonomy":"post_tag","embeddable":true,"href":"https:\/\/www.os-dravograd.si\/index.php\/wp-json\/wp\/v2\/tags?post=3330"}],"curies":[{"name":"wp","href":"https:\/\/api.w.org\/{rel}","templated":true}]}}