{"id":5294,"date":"2023-10-18T12:50:50","date_gmt":"2023-10-18T10:50:50","guid":{"rendered":"https:\/\/www.os-dravograd.si\/?p=5294"},"modified":"2024-08-30T14:04:32","modified_gmt":"2024-08-30T12:04:32","slug":"evropski-dan-jezikov-3","status":"publish","type":"post","link":"https:\/\/www.os-dravograd.si\/index.php\/2023\/10\/18\/evropski-dan-jezikov-3\/","title":{"rendered":"Evropski dan jezikov"},"content":{"rendered":"<p><img loading=\"lazy\" width=\"1024\" height=\"228\" class=\"wp-image-5295\" src=\"https:\/\/www.os-dravograd.si\/wp-content\/uploads\/2023\/09\/slika-ki-vsebuje-besede-besedilo-igraca-puncka.jpeg\" alt=\"Slika, ki vsebuje besede besedilo, igra\u010da, pun\u010dka, izrezek\n\nOpis je samodejno ustvarjen\" srcset=\"https:\/\/www.os-dravograd.si\/wp-content\/uploads\/2023\/09\/slika-ki-vsebuje-besede-besedilo-igraca-puncka.jpeg 1024w, https:\/\/www.os-dravograd.si\/wp-content\/uploads\/2023\/09\/slika-ki-vsebuje-besede-besedilo-igraca-puncka-200x45.jpeg 200w, https:\/\/www.os-dravograd.si\/wp-content\/uploads\/2023\/09\/slika-ki-vsebuje-besede-besedilo-igraca-puncka-768x171.jpeg 768w, https:\/\/www.os-dravograd.si\/wp-content\/uploads\/2023\/09\/slika-ki-vsebuje-besede-besedilo-igraca-puncka-370x82.jpeg 370w, https:\/\/www.os-dravograd.si\/wp-content\/uploads\/2023\/09\/slika-ki-vsebuje-besede-besedilo-igraca-puncka-870x194.jpeg 870w, https:\/\/www.os-dravograd.si\/wp-content\/uploads\/2023\/09\/slika-ki-vsebuje-besede-besedilo-igraca-puncka-390x87.jpeg 390w, https:\/\/www.os-dravograd.si\/wp-content\/uploads\/2023\/09\/slika-ki-vsebuje-besede-besedilo-igraca-puncka-300x67.jpeg 300w\" sizes=\"(max-width: 1024px) 100vw, 1024px\" \/><\/p>\n<p><strong>V ponedeljek 26. 9. 2023<\/strong> je na \u0161oli in vseh podru\u017enicah potekal dan dejavnosti na temo <strong>Evropski dan jezikov \u2013 European day of languages.<\/strong><\/p>\n<p>To je dan, ko praznujemo jezikovno raznolikost v Evropi in spodbujamo u\u010denje tujih jezikov.<\/p>\n<p>Na pobudo Sveta Evrope od 2001 vsako leto praznujemo 26. septembra evropski dan jezikov.<\/p>\n<p><strong>Osnovni cilji <\/strong>evropskega dneva jezikov so:<\/p>\n<p><strong>&#8211; dvigniti zavest o pomembnosti u\u010denja jezikov z namenom spodbujanja raznojezi\u010dnosti in medkulturnega razumevanja, <\/strong><\/p>\n<p><strong>&#8211; zavzemati se za bogato jezikovno in kulturno raznolikost v Evropi ter <\/strong><\/p>\n<p><strong>&#8211; spodbujati vse\u017eivljenjsko u\u010denje jezikov v \u0161oli in izven nje.<\/strong><\/p>\n<p><strong>Slogan leto\u0161njega dneva: Recimo DA jezikom! <\/strong><\/p>\n<p>U\u010denci si z u\u010denjem jezikov \u0161irijo svoje znanje in svoj svet<strong>.<\/strong><\/p>\n<p>U\u010denci so pod mentorstvom razrednikov in so-razrednikov ustvarjali. <strong>Najprej so se pogovorili o pomenu u\u010denja in znanja jezikov<\/strong> ter jezikovni in kulturni raznolikosti v Evropi, nato pa spoznavali posamezne dr\u017eave z razli\u010dnih zornih kotov. Nekateri so preu\u010devali kulturo, \u0161porte, kulinariko, drugi znamenitosti, pesmi, plese in \u0161e kaj.<\/p>\n<p><strong>Vsi so na prijeten na\u010din spoznali in se nau\u010dili nekaj novega. Nastali so razli\u010dni izdelki, ki si jih lahko ogledate v prilogi.<\/strong><\/p>\n\n\n<div class=\"wp-block-file\"><a href=\"https:\/\/www.os-dravograd.si\/wp-content\/uploads\/2023\/09\/EDJ_DAN-DEJAVNOSTI_2023.ppsx\">EDJ_DAN-DEJAVNOSTI_2023<\/a><a href=\"https:\/\/www.os-dravograd.si\/wp-content\/uploads\/2023\/09\/EDJ_DAN-DEJAVNOSTI_2023.ppsx\" class=\"wp-block-file__button\" download>Prenos<\/a><\/div>\n\n\n\n<div class=\"wp-block-file\"><a href=\"https:\/\/www.os-dravograd.si\/wp-content\/uploads\/2023\/09\/EDJ_DAN-DEJAVNOSTI_2023.pdf\">EDJ_DAN-DEJAVNOSTI_2023<\/a><a href=\"https:\/\/www.os-dravograd.si\/wp-content\/uploads\/2023\/09\/EDJ_DAN-DEJAVNOSTI_2023.pdf\" class=\"wp-block-file__button\" download>Prenos<\/a><\/div>\n\n\n\n<p>Helena Gosten\u010dnik, u\u010diteljica angle\u0161\u010dine in geografije<\/p>\n\n\n\n<p>V 3. a razredu smo ob evropskem dnevu jezikov spoznavali \u0160vedsko, od koder prihaja nagajiva deklica, ki jo vsi zelo dobro poznamo. \u010ce pravilno re\u0161i\u0161 rebus, bo\u0161 ugotovil njeno ime.<\/p>\n\n\n\n<figure class=\"wp-block-image size-full is-resized\"><img loading=\"lazy\" src=\"https:\/\/www.os-dravograd.si\/wp-content\/uploads\/2023\/10\/word-image.png\" alt=\"\" class=\"wp-image-5421\" width=\"600\" height=\"400\" srcset=\"https:\/\/www.os-dravograd.si\/wp-content\/uploads\/2023\/10\/word-image.png 278w, https:\/\/www.os-dravograd.si\/wp-content\/uploads\/2023\/10\/word-image-200x133.png 200w\" sizes=\"(max-width: 600px) 100vw, 600px\" \/><\/figure>\n\n\n\n<p><\/p>\n\n\n\n<p>Verjamem, ste takoj ugotovili, da je to Pika Nogavi\u010dka. S kratkim film\u010dkom, ki smo ga posneli, vam \u017eelimo pokazati, kaj vse smo se novega nau\u010dili in koliko novih spletnih orodij smo preizkusili.<\/p>\n\n\n\n<figure class=\"wp-block-video\"><video controls src=\"https:\/\/video.arnes.si\/api\/asset\/12lcdzqqzrsy\/play.mp4\"><\/video><\/figure>\n\n\n\n<p><\/p>\n","protected":false},"excerpt":{"rendered":"<p>V ponedeljek 26. 9. 2023 je na \u0161oli in vseh podru\u017enicah potekal dan dejavnosti na temo Evropski dan jezikov \u2013 European day of languages. To je dan, ko praznujemo jezikovno raznolikost v Evropi in spodbujamo u\u010denje tujih jezikov. Na pobudo Sveta Evrope od 2001 vsako leto praznujemo 26. septembra evropski dan jezikov. Osnovni cilji evropskega [&hellip;]<\/p>\n","protected":false},"author":1,"featured_media":5298,"comment_status":"closed","ping_status":"closed","sticky":false,"template":"","format":"standard","meta":{"ngg_post_thumbnail":0},"categories":[170],"tags":[],"_links":{"self":[{"href":"https:\/\/www.os-dravograd.si\/index.php\/wp-json\/wp\/v2\/posts\/5294"}],"collection":[{"href":"https:\/\/www.os-dravograd.si\/index.php\/wp-json\/wp\/v2\/posts"}],"about":[{"href":"https:\/\/www.os-dravograd.si\/index.php\/wp-json\/wp\/v2\/types\/post"}],"author":[{"embeddable":true,"href":"https:\/\/www.os-dravograd.si\/index.php\/wp-json\/wp\/v2\/users\/1"}],"replies":[{"embeddable":true,"href":"https:\/\/www.os-dravograd.si\/index.php\/wp-json\/wp\/v2\/comments?post=5294"}],"version-history":[{"count":3,"href":"https:\/\/www.os-dravograd.si\/index.php\/wp-json\/wp\/v2\/posts\/5294\/revisions"}],"predecessor-version":[{"id":5425,"href":"https:\/\/www.os-dravograd.si\/index.php\/wp-json\/wp\/v2\/posts\/5294\/revisions\/5425"}],"wp:featuredmedia":[{"embeddable":true,"href":"https:\/\/www.os-dravograd.si\/index.php\/wp-json\/wp\/v2\/media\/5298"}],"wp:attachment":[{"href":"https:\/\/www.os-dravograd.si\/index.php\/wp-json\/wp\/v2\/media?parent=5294"}],"wp:term":[{"taxonomy":"category","embeddable":true,"href":"https:\/\/www.os-dravograd.si\/index.php\/wp-json\/wp\/v2\/categories?post=5294"},{"taxonomy":"post_tag","embeddable":true,"href":"https:\/\/www.os-dravograd.si\/index.php\/wp-json\/wp\/v2\/tags?post=5294"}],"curies":[{"name":"wp","href":"https:\/\/api.w.org\/{rel}","templated":true}]}}