{"id":5321,"date":"2023-10-04T12:45:55","date_gmt":"2023-10-04T10:45:55","guid":{"rendered":"https:\/\/www.os-dravograd.si\/?p=5321"},"modified":"2024-08-30T14:04:33","modified_gmt":"2024-08-30T12:04:33","slug":"teden-otroka","status":"publish","type":"post","link":"https:\/\/www.os-dravograd.si\/index.php\/2023\/10\/04\/teden-otroka\/","title":{"rendered":"Teden otroka"},"content":{"rendered":"\n<p>Teden otroka se pribli\u017euje h koncu. Za zaklju\u010dek smo u\u010diteljice RaP pripravile ustvarjalnice po pouku.&nbsp;<\/p>\n\n\n\n<p>V \u010detrtek, 5. 10. in v petek, 6. 10., se nam lahko na ustvarjalnih delavnicah pridru\u017eijo vsi u\u010denci od 1. do 5. razreda.&nbsp;<\/p>\n\n\n\n<p>Ustvarjali bomo med 13:40 in 16:00, v barvah jeseni, zato lahko u\u010denci prinesejo s sabo nabrane liste in plodove.&nbsp;<br><\/p>\n\n\n\n<p>U\u010diteljice RaP&nbsp;<\/p>\n","protected":false},"excerpt":{"rendered":"<p>Teden otroka se pribli\u017euje h koncu. Za zaklju\u010dek smo u\u010diteljice RaP pripravile ustvarjalnice po pouku.&nbsp; V \u010detrtek, 5. 10. in v petek, 6. 10., se nam lahko na ustvarjalnih delavnicah pridru\u017eijo vsi u\u010denci od 1. do 5. razreda.&nbsp; Ustvarjali bomo med 13:40 in 16:00, v barvah jeseni, zato lahko u\u010denci prinesejo s sabo nabrane liste [&hellip;]<\/p>\n","protected":false},"author":1,"featured_media":5322,"comment_status":"closed","ping_status":"closed","sticky":false,"template":"","format":"standard","meta":{"ngg_post_thumbnail":0},"categories":[170],"tags":[],"_links":{"self":[{"href":"https:\/\/www.os-dravograd.si\/index.php\/wp-json\/wp\/v2\/posts\/5321"}],"collection":[{"href":"https:\/\/www.os-dravograd.si\/index.php\/wp-json\/wp\/v2\/posts"}],"about":[{"href":"https:\/\/www.os-dravograd.si\/index.php\/wp-json\/wp\/v2\/types\/post"}],"author":[{"embeddable":true,"href":"https:\/\/www.os-dravograd.si\/index.php\/wp-json\/wp\/v2\/users\/1"}],"replies":[{"embeddable":true,"href":"https:\/\/www.os-dravograd.si\/index.php\/wp-json\/wp\/v2\/comments?post=5321"}],"version-history":[{"count":4,"href":"https:\/\/www.os-dravograd.si\/index.php\/wp-json\/wp\/v2\/posts\/5321\/revisions"}],"predecessor-version":[{"id":5326,"href":"https:\/\/www.os-dravograd.si\/index.php\/wp-json\/wp\/v2\/posts\/5321\/revisions\/5326"}],"wp:featuredmedia":[{"embeddable":true,"href":"https:\/\/www.os-dravograd.si\/index.php\/wp-json\/wp\/v2\/media\/5322"}],"wp:attachment":[{"href":"https:\/\/www.os-dravograd.si\/index.php\/wp-json\/wp\/v2\/media?parent=5321"}],"wp:term":[{"taxonomy":"category","embeddable":true,"href":"https:\/\/www.os-dravograd.si\/index.php\/wp-json\/wp\/v2\/categories?post=5321"},{"taxonomy":"post_tag","embeddable":true,"href":"https:\/\/www.os-dravograd.si\/index.php\/wp-json\/wp\/v2\/tags?post=5321"}],"curies":[{"name":"wp","href":"https:\/\/api.w.org\/{rel}","templated":true}]}}