{"id":5385,"date":"2023-10-11T11:55:14","date_gmt":"2023-10-11T09:55:14","guid":{"rendered":"https:\/\/www.os-dravograd.si\/?p=5385"},"modified":"2024-08-30T14:04:33","modified_gmt":"2024-08-30T12:04:33","slug":"vsaka-vas-ima-svoj-glas-2","status":"publish","type":"post","link":"https:\/\/www.os-dravograd.si\/index.php\/2023\/10\/11\/vsaka-vas-ima-svoj-glas-2\/","title":{"rendered":"VSAKA VAS IMA SVOJ GLAS"},"content":{"rendered":"\n<p>V petek, 6. oktobra 2023, se je na Osnovni \u0161oli Muta odvijal 6. nare\u010dni festival VSAKA VAS IMA SVOJ GLAS, ki je letos nosil naslov Prijateljstvo nas osre\u010duje. Nagrajenci smo se ob 12-ih dobili pred O\u0160 Muta. Najprej smo se spoznali z u\u010ditelji in u\u010denci drugih \u0161ol, nato pa smo imeli \u0161e generalko. Po generalki smo se zbrali na igri\u0161\u010du in igrali razli\u010dne igre z \u017eogo. Okoli dveh smo se odpravili na ogled Mute in njenih zanimivosti, vodili so nas u\u010denci O\u0160 Muta, ki obiskujejo turisti\u010dni kro\u017eek. \u0160li smo mimo gasilskega doma in se zbrali na travniku. Veliko so nam povedali o zgodovini Mute. Od\u0161li smo tudi na Sp. Muto do rotunde sv. Janeza Krstnika. Pogledali smo si pa \u0161e zbirke v muzeju (kova\u0161ko, gasilsko\u2026). \u010cas je kar hitro minil in ob 17. uri smo se zbrali v telovadnici, kjer se je za\u010del festival in smo predstavili nagrajene prispevke v nare\u010dju, ki je pomemben del na\u0161e nesnovne kulturne dedi\u0161\u010dine.<\/p>\n\n\n\n<p>Osnovno \u0161olo Neznanih talcev Dravograd sva zastopali Ela in Klara iz 8. razreda s prispevkom Prijateljstvo neko\u010d in danes. V svojem nare\u010dju pa so se predstavili \u0161e Vrtec Tolmin, podru\u017eni\u010dna \u0161ola Korte, O\u0160 Draga Kobala Maribor, O\u0160 Pre\u017eihovega Voranca Ravne in doma\u010di u\u010denci O\u0160 Muta.<\/p>\n\n\n\n<p>Popoldne je bilo zelo zanimivo in upam, da bo \u0161e ve\u010d prilo\u017enosti, kjer bomo lahko predstavili na\u0161a nare\u010dja, saj je zelo pomembno, da se ohranijo in jih bodo znali govoriti tudi na\u0161i zanamci.<\/p>\n\n\n\n<p>Zapisala Klara Ple\u0161iv\u010dnik, 8. b<\/p>\n\n\n\n<figure class=\"wp-block-gallery columns-3 is-cropped\"><ul class=\"blocks-gallery-grid\"><li class=\"blocks-gallery-item\"><figure><a href=\"https:\/\/www.os-dravograd.si\/wp-content\/uploads\/2023\/10\/20231006_143656.jpg\"><img loading=\"lazy\" width=\"1024\" height=\"461\" src=\"https:\/\/www.os-dravograd.si\/wp-content\/uploads\/2023\/10\/20231006_143656.jpg\" alt=\"\" data-id=\"5386\" data-full-url=\"https:\/\/www.os-dravograd.si\/wp-content\/uploads\/2023\/10\/20231006_143656.jpg\" data-link=\"https:\/\/www.os-dravograd.si\/?attachment_id=5386\" class=\"wp-image-5386\" srcset=\"https:\/\/www.os-dravograd.si\/wp-content\/uploads\/2023\/10\/20231006_143656.jpg 1024w, https:\/\/www.os-dravograd.si\/wp-content\/uploads\/2023\/10\/20231006_143656-200x90.jpg 200w, https:\/\/www.os-dravograd.si\/wp-content\/uploads\/2023\/10\/20231006_143656-768x346.jpg 768w, https:\/\/www.os-dravograd.si\/wp-content\/uploads\/2023\/10\/20231006_143656-370x167.jpg 370w, https:\/\/www.os-dravograd.si\/wp-content\/uploads\/2023\/10\/20231006_143656-870x392.jpg 870w, https:\/\/www.os-dravograd.si\/wp-content\/uploads\/2023\/10\/20231006_143656-390x176.jpg 390w, https:\/\/www.os-dravograd.si\/wp-content\/uploads\/2023\/10\/20231006_143656-300x135.jpg 300w\" sizes=\"(max-width: 1024px) 100vw, 1024px\" \/><\/a><\/figure><\/li><li class=\"blocks-gallery-item\"><figure><a href=\"https:\/\/www.os-dravograd.si\/wp-content\/uploads\/2023\/10\/20231006_144547-rotated.jpg\"><img loading=\"lazy\" width=\"270\" height=\"600\" src=\"https:\/\/www.os-dravograd.si\/wp-content\/uploads\/2023\/10\/20231006_144547-rotated.jpg\" alt=\"\" data-id=\"5387\" data-full-url=\"https:\/\/www.os-dravograd.si\/wp-content\/uploads\/2023\/10\/20231006_144547-rotated.jpg\" data-link=\"https:\/\/www.os-dravograd.si\/?attachment_id=5387\" class=\"wp-image-5387\" srcset=\"https:\/\/www.os-dravograd.si\/wp-content\/uploads\/2023\/10\/20231006_144547-rotated.jpg 270w, https:\/\/www.os-dravograd.si\/wp-content\/uploads\/2023\/10\/20231006_144547-90x200.jpg 90w\" sizes=\"(max-width: 270px) 100vw, 270px\" \/><\/a><\/figure><\/li><li class=\"blocks-gallery-item\"><figure><a href=\"https:\/\/www.os-dravograd.si\/wp-content\/uploads\/2023\/10\/20231006_154545.jpg\"><img loading=\"lazy\" width=\"1024\" height=\"462\" src=\"https:\/\/www.os-dravograd.si\/wp-content\/uploads\/2023\/10\/20231006_154545.jpg\" alt=\"\" data-id=\"5389\" data-full-url=\"https:\/\/www.os-dravograd.si\/wp-content\/uploads\/2023\/10\/20231006_154545.jpg\" data-link=\"https:\/\/www.os-dravograd.si\/?attachment_id=5389\" class=\"wp-image-5389\" srcset=\"https:\/\/www.os-dravograd.si\/wp-content\/uploads\/2023\/10\/20231006_154545.jpg 1024w, https:\/\/www.os-dravograd.si\/wp-content\/uploads\/2023\/10\/20231006_154545-200x90.jpg 200w, https:\/\/www.os-dravograd.si\/wp-content\/uploads\/2023\/10\/20231006_154545-768x347.jpg 768w, https:\/\/www.os-dravograd.si\/wp-content\/uploads\/2023\/10\/20231006_154545-370x167.jpg 370w, https:\/\/www.os-dravograd.si\/wp-content\/uploads\/2023\/10\/20231006_154545-870x393.jpg 870w, https:\/\/www.os-dravograd.si\/wp-content\/uploads\/2023\/10\/20231006_154545-390x176.jpg 390w, https:\/\/www.os-dravograd.si\/wp-content\/uploads\/2023\/10\/20231006_154545-300x135.jpg 300w\" sizes=\"(max-width: 1024px) 100vw, 1024px\" \/><\/a><\/figure><\/li><\/ul><\/figure>\n","protected":false},"excerpt":{"rendered":"<p>V petek, 6. oktobra 2023, se je na Osnovni \u0161oli Muta odvijal 6. nare\u010dni festival VSAKA VAS IMA SVOJ GLAS, ki je letos nosil naslov Prijateljstvo nas osre\u010duje. Nagrajenci smo se ob 12-ih dobili pred O\u0160 Muta. Najprej smo se spoznali z u\u010ditelji in u\u010denci drugih \u0161ol, nato pa smo imeli \u0161e generalko. Po generalki [&hellip;]<\/p>\n","protected":false},"author":1,"featured_media":5389,"comment_status":"closed","ping_status":"closed","sticky":false,"template":"","format":"standard","meta":{"ngg_post_thumbnail":0},"categories":[170],"tags":[],"_links":{"self":[{"href":"https:\/\/www.os-dravograd.si\/index.php\/wp-json\/wp\/v2\/posts\/5385"}],"collection":[{"href":"https:\/\/www.os-dravograd.si\/index.php\/wp-json\/wp\/v2\/posts"}],"about":[{"href":"https:\/\/www.os-dravograd.si\/index.php\/wp-json\/wp\/v2\/types\/post"}],"author":[{"embeddable":true,"href":"https:\/\/www.os-dravograd.si\/index.php\/wp-json\/wp\/v2\/users\/1"}],"replies":[{"embeddable":true,"href":"https:\/\/www.os-dravograd.si\/index.php\/wp-json\/wp\/v2\/comments?post=5385"}],"version-history":[{"count":1,"href":"https:\/\/www.os-dravograd.si\/index.php\/wp-json\/wp\/v2\/posts\/5385\/revisions"}],"predecessor-version":[{"id":5390,"href":"https:\/\/www.os-dravograd.si\/index.php\/wp-json\/wp\/v2\/posts\/5385\/revisions\/5390"}],"wp:featuredmedia":[{"embeddable":true,"href":"https:\/\/www.os-dravograd.si\/index.php\/wp-json\/wp\/v2\/media\/5389"}],"wp:attachment":[{"href":"https:\/\/www.os-dravograd.si\/index.php\/wp-json\/wp\/v2\/media?parent=5385"}],"wp:term":[{"taxonomy":"category","embeddable":true,"href":"https:\/\/www.os-dravograd.si\/index.php\/wp-json\/wp\/v2\/categories?post=5385"},{"taxonomy":"post_tag","embeddable":true,"href":"https:\/\/www.os-dravograd.si\/index.php\/wp-json\/wp\/v2\/tags?post=5385"}],"curies":[{"name":"wp","href":"https:\/\/api.w.org\/{rel}","templated":true}]}}