{"id":6524,"date":"2024-04-22T07:23:07","date_gmt":"2024-04-22T05:23:07","guid":{"rendered":"https:\/\/www.os-dravograd.si\/?p=6524"},"modified":"2024-08-30T14:04:30","modified_gmt":"2024-08-30T12:04:30","slug":"predavanje-za-vzgojitelje-in-ucitelje","status":"publish","type":"post","link":"https:\/\/www.os-dravograd.si\/index.php\/2024\/04\/22\/predavanje-za-vzgojitelje-in-ucitelje\/","title":{"rendered":"PREDAVANJE ZA VZGOJITELJE IN U\u010cITELJE"},"content":{"rendered":"<p>V torek, 16. 4. 2024, je na Osnovni \u0161oli Neznanih talcev Dravograd potekal aktiv vzgojiteljev Vrtca Dravograd in u\u010diteljev prve triade Osnovne \u0161ole Neznanih talcev Dravograd ter Osnovne \u0161ole \u0160entjan\u017e pri Dravogradu. V sklopu aktiva smo prisluhnili predavanju ge. Simone Levc, ki je zaposlena kot svetovalna delavka in logopedinja na Drugi osnovni \u0161oli Slovenj Gradec. Izku\u0161nje s podro\u010dja logopedije je nekaj \u010dasa pridobivala tudi v razvojni ambulanti Splo\u0161ne bolni\u0161nice Slovenj Gradec in v Zdravstvenem domu Velenje. Vrsto let je bila \u010dlanica Komisije za usmerjanje na Zavodu Republike Slovenije za \u0161olstvo. Je soavtorica knjige <em>Varuh otrokovih dol\u017enosti<\/em>, avtorica logopedskega priro\u010dnika <em>Liba laca lak \u2013 Kako pomagamo otroku do bolj\u0161ega govora?<\/em> ter knjige <em>Ali sedi\u0161 na u\u0161esih?!<\/em><\/p>\n<p>Predavanje ge. Simone Levc na temo <em>Kako do bolj\u0161e komunikacije v skupini?<\/em> nas je preko teorije, podkrepljene s \u0161tevilnimi izku\u0161njami in prakti\u010dnimi primeri, opolnomo\u010dilo in obogatilo z novim znanjem. Po predavanju je sledilo delo po skupinah, pri katerem smo lahko novo pridobljeno znanje uporabili tudi v praksi.<\/p>\n<p>S tovrstnimi sre\u010danji \u017eelimo okrepiti sodelovanje med vzgojitelji in u\u010ditelji ter na ta na\u010din prispevati k na\u0161emu \u0161e bolj\u0161emu delu z u\u010denci.<\/p>\n","protected":false},"excerpt":{"rendered":"<p>V torek, 16. 4. 2024, je na Osnovni \u0161oli Neznanih talcev Dravograd potekal aktiv vzgojiteljev Vrtca Dravograd in u\u010diteljev prve triade Osnovne \u0161ole Neznanih talcev Dravograd ter Osnovne \u0161ole \u0160entjan\u017e pri Dravogradu. V sklopu aktiva smo prisluhnili predavanju ge. Simone Levc, ki je zaposlena kot svetovalna delavka in logopedinja na Drugi osnovni \u0161oli Slovenj Gradec. [&hellip;]<\/p>\n","protected":false},"author":1,"featured_media":6526,"comment_status":"closed","ping_status":"closed","sticky":false,"template":"","format":"standard","meta":{"ngg_post_thumbnail":0},"categories":[170],"tags":[],"_links":{"self":[{"href":"https:\/\/www.os-dravograd.si\/index.php\/wp-json\/wp\/v2\/posts\/6524"}],"collection":[{"href":"https:\/\/www.os-dravograd.si\/index.php\/wp-json\/wp\/v2\/posts"}],"about":[{"href":"https:\/\/www.os-dravograd.si\/index.php\/wp-json\/wp\/v2\/types\/post"}],"author":[{"embeddable":true,"href":"https:\/\/www.os-dravograd.si\/index.php\/wp-json\/wp\/v2\/users\/1"}],"replies":[{"embeddable":true,"href":"https:\/\/www.os-dravograd.si\/index.php\/wp-json\/wp\/v2\/comments?post=6524"}],"version-history":[{"count":1,"href":"https:\/\/www.os-dravograd.si\/index.php\/wp-json\/wp\/v2\/posts\/6524\/revisions"}],"predecessor-version":[{"id":6527,"href":"https:\/\/www.os-dravograd.si\/index.php\/wp-json\/wp\/v2\/posts\/6524\/revisions\/6527"}],"wp:featuredmedia":[{"embeddable":true,"href":"https:\/\/www.os-dravograd.si\/index.php\/wp-json\/wp\/v2\/media\/6526"}],"wp:attachment":[{"href":"https:\/\/www.os-dravograd.si\/index.php\/wp-json\/wp\/v2\/media?parent=6524"}],"wp:term":[{"taxonomy":"category","embeddable":true,"href":"https:\/\/www.os-dravograd.si\/index.php\/wp-json\/wp\/v2\/categories?post=6524"},{"taxonomy":"post_tag","embeddable":true,"href":"https:\/\/www.os-dravograd.si\/index.php\/wp-json\/wp\/v2\/tags?post=6524"}],"curies":[{"name":"wp","href":"https:\/\/api.w.org\/{rel}","templated":true}]}}