{"id":6539,"date":"2024-04-24T10:02:51","date_gmt":"2024-04-24T08:02:51","guid":{"rendered":"https:\/\/www.os-dravograd.si\/?p=6539"},"modified":"2024-08-30T14:04:30","modified_gmt":"2024-08-30T12:04:30","slug":"noc-knjige-2024","status":"publish","type":"post","link":"https:\/\/www.os-dravograd.si\/index.php\/2024\/04\/24\/noc-knjige-2024\/","title":{"rendered":"NO\u010c KNJIGE 2024"},"content":{"rendered":"\n<p><\/p>\n\n\n<p>Ob svetovnem dnevu knjige, ki ga obele\u017eujemo 23. aprila, po vsem svetu potekajo aktivnosti v okviru No\u010di knjige &#8211; dogodka, ko mladi in starej\u0161i v \u0161olah, knji\u017enicah, kulturnih ustanovah&#8230; berejo, ustvarjajo, predvsem pa u\u017eivajo v svetu knjig.<\/p>\n<p>No\u010di knjige smo se ponovno pridru\u017eili tudi na na\u0161i \u0161oli. V okviru \u0161olske skupnosti smo izvedli jutranjo bralno pogovorno sre\u010danje za na\u0161e prvo\u0161ol\u010dke. Prebirali in dru\u017eili smo se ob izbrani knjigi Ize Cedilnik \u0160trukelj Gobje prigode. Z zanimanjem se nam je pridru\u017eila \u0161e skupina tretje\u0161olcev.<\/p>\n<p><strong>No\u010d knjige ima poslanstvo \u2013 obsijati pozabljeno in \u010dudovito notranje bistvo.<\/strong>&nbsp;Povrniti&nbsp;upanje in zaupanje v drugega.<\/p>\n<p>Kot je \u0161e zapisala ekipa No\u010di Knjige: \u00bbSvet se spreminja in prebuja s knjigo v roki.<strong>&nbsp;Z branjem pri\u017eigamo lu\u010d prihodnosti.\u00ab<\/strong><\/p>\n<p><strong>Berimo! <\/strong><\/p>\n<p><strong>Tadeja Grubelnik, mentorica \u0161olske skupnosti in koordinatorica No\u010di knjige 2024<\/strong><\/p>\n\n\n<figure class=\"wp-block-image size-large\"><img loading=\"lazy\" width=\"1024\" height=\"473\" src=\"https:\/\/www.os-dravograd.si\/wp-content\/uploads\/2024\/04\/435134733_462117689505267_4916968159266135921_n-1024x473.jpg\" alt=\"\" class=\"wp-image-6540\" srcset=\"https:\/\/www.os-dravograd.si\/wp-content\/uploads\/2024\/04\/435134733_462117689505267_4916968159266135921_n-1024x473.jpg 1024w, https:\/\/www.os-dravograd.si\/wp-content\/uploads\/2024\/04\/435134733_462117689505267_4916968159266135921_n-200x92.jpg 200w, https:\/\/www.os-dravograd.si\/wp-content\/uploads\/2024\/04\/435134733_462117689505267_4916968159266135921_n-768x355.jpg 768w, https:\/\/www.os-dravograd.si\/wp-content\/uploads\/2024\/04\/435134733_462117689505267_4916968159266135921_n-1536x710.jpg 1536w, https:\/\/www.os-dravograd.si\/wp-content\/uploads\/2024\/04\/435134733_462117689505267_4916968159266135921_n-1170x540.jpg 1170w, https:\/\/www.os-dravograd.si\/wp-content\/uploads\/2024\/04\/435134733_462117689505267_4916968159266135921_n-370x171.jpg 370w, https:\/\/www.os-dravograd.si\/wp-content\/uploads\/2024\/04\/435134733_462117689505267_4916968159266135921_n-870x402.jpg 870w, https:\/\/www.os-dravograd.si\/wp-content\/uploads\/2024\/04\/435134733_462117689505267_4916968159266135921_n-390x180.jpg 390w, https:\/\/www.os-dravograd.si\/wp-content\/uploads\/2024\/04\/435134733_462117689505267_4916968159266135921_n-300x139.jpg 300w, https:\/\/www.os-dravograd.si\/wp-content\/uploads\/2024\/04\/435134733_462117689505267_4916968159266135921_n.jpg 1734w\" sizes=\"(max-width: 1024px) 100vw, 1024px\" \/><\/figure>\n","protected":false},"excerpt":{"rendered":"<p>Ob svetovnem dnevu knjige, ki ga obele\u017eujemo 23. aprila, po vsem svetu potekajo aktivnosti v okviru No\u010di knjige &#8211; dogodka, ko mladi in starej\u0161i v \u0161olah, knji\u017enicah, kulturnih ustanovah&#8230; berejo, ustvarjajo, predvsem pa u\u017eivajo v svetu knjig. No\u010di knjige smo se ponovno pridru\u017eili tudi na na\u0161i \u0161oli. V okviru \u0161olske skupnosti smo izvedli jutranjo bralno [&hellip;]<\/p>\n","protected":false},"author":1,"featured_media":6541,"comment_status":"closed","ping_status":"closed","sticky":false,"template":"","format":"standard","meta":{"ngg_post_thumbnail":0},"categories":[170],"tags":[],"_links":{"self":[{"href":"https:\/\/www.os-dravograd.si\/index.php\/wp-json\/wp\/v2\/posts\/6539"}],"collection":[{"href":"https:\/\/www.os-dravograd.si\/index.php\/wp-json\/wp\/v2\/posts"}],"about":[{"href":"https:\/\/www.os-dravograd.si\/index.php\/wp-json\/wp\/v2\/types\/post"}],"author":[{"embeddable":true,"href":"https:\/\/www.os-dravograd.si\/index.php\/wp-json\/wp\/v2\/users\/1"}],"replies":[{"embeddable":true,"href":"https:\/\/www.os-dravograd.si\/index.php\/wp-json\/wp\/v2\/comments?post=6539"}],"version-history":[{"count":1,"href":"https:\/\/www.os-dravograd.si\/index.php\/wp-json\/wp\/v2\/posts\/6539\/revisions"}],"predecessor-version":[{"id":6542,"href":"https:\/\/www.os-dravograd.si\/index.php\/wp-json\/wp\/v2\/posts\/6539\/revisions\/6542"}],"wp:featuredmedia":[{"embeddable":true,"href":"https:\/\/www.os-dravograd.si\/index.php\/wp-json\/wp\/v2\/media\/6541"}],"wp:attachment":[{"href":"https:\/\/www.os-dravograd.si\/index.php\/wp-json\/wp\/v2\/media?parent=6539"}],"wp:term":[{"taxonomy":"category","embeddable":true,"href":"https:\/\/www.os-dravograd.si\/index.php\/wp-json\/wp\/v2\/categories?post=6539"},{"taxonomy":"post_tag","embeddable":true,"href":"https:\/\/www.os-dravograd.si\/index.php\/wp-json\/wp\/v2\/tags?post=6539"}],"curies":[{"name":"wp","href":"https:\/\/api.w.org\/{rel}","templated":true}]}}