{"id":6543,"date":"2024-04-24T14:05:55","date_gmt":"2024-04-24T12:05:55","guid":{"rendered":"https:\/\/www.os-dravograd.si\/?p=6543"},"modified":"2024-08-30T14:04:30","modified_gmt":"2024-08-30T12:04:30","slug":"podelitev-medalj-in-priznanj-na-literarnem-natecaju-moja-rodna-domovina","status":"publish","type":"post","link":"https:\/\/www.os-dravograd.si\/index.php\/2024\/04\/24\/podelitev-medalj-in-priznanj-na-literarnem-natecaju-moja-rodna-domovina\/","title":{"rendered":"Podelitev medalj in priznanj na literarnem nate\u010daju Moja rodna domovina"},"content":{"rendered":"<p>V \u010detrtek, 18. 4. 2024, smo se u\u010denci, ki smo sodelovali na literarnem razpisu Moja rodna domovina, udele\u017eili podelitve priznanj in medalj v Ljubljani. Tema leto\u0161njega razpisa je bila Voda \u2013 veselje in solze. V literarnih prispevkih smo u\u010denci lahko podo\u017eivljali dogodke iz prej\u0161njega leta, ko so reke in plazovi pokazali svojo mo\u010d, in spoznali, kako pomembna je medsebojna pomo\u010d. Nate\u010daj je potekal pod \u010dastnim pokroviteljstvom predsednice Republike Slovenije Nata\u0161e Pirc Musar.<\/p>\n<p>Najprej so nas prijazno sprejeli na O\u0160 Vi\u010d, kjer smo imeli kraj\u0161o kulturno prireditev. Nato je sledil vodeni ogled mesta, na koncu smo se \u0161e popeljali z ladjico po Ljubljanici.<\/p>\n<p>Ob 17. uri je bila zaklju\u010dna prireditev na Konzervatoriju za glasbo in balet. Pripravili so nam lep kulturni program in nam podelili medalje, priznanja in nagrade.<\/p>\n<p>Pre\u017eiveli smo spro\u0161\u010den in prijeten dan, ki nam je tudi spodbuda, da bomo pridno literarno ustvarjali \u0161e naprej.<\/p>\n<p>Liza Heber, 6. a<\/p>\n","protected":false},"excerpt":{"rendered":"<p>V \u010detrtek, 18. 4. 2024, smo se u\u010denci, ki smo sodelovali na literarnem razpisu Moja rodna domovina, udele\u017eili podelitve priznanj in medalj v Ljubljani. Tema leto\u0161njega razpisa je bila Voda \u2013 veselje in solze. V literarnih prispevkih smo u\u010denci lahko podo\u017eivljali dogodke iz prej\u0161njega leta, ko so reke in plazovi pokazali svojo mo\u010d, in spoznali, [&hellip;]<\/p>\n","protected":false},"author":1,"featured_media":6544,"comment_status":"closed","ping_status":"closed","sticky":false,"template":"","format":"standard","meta":{"ngg_post_thumbnail":0},"categories":[170],"tags":[],"_links":{"self":[{"href":"https:\/\/www.os-dravograd.si\/index.php\/wp-json\/wp\/v2\/posts\/6543"}],"collection":[{"href":"https:\/\/www.os-dravograd.si\/index.php\/wp-json\/wp\/v2\/posts"}],"about":[{"href":"https:\/\/www.os-dravograd.si\/index.php\/wp-json\/wp\/v2\/types\/post"}],"author":[{"embeddable":true,"href":"https:\/\/www.os-dravograd.si\/index.php\/wp-json\/wp\/v2\/users\/1"}],"replies":[{"embeddable":true,"href":"https:\/\/www.os-dravograd.si\/index.php\/wp-json\/wp\/v2\/comments?post=6543"}],"version-history":[{"count":1,"href":"https:\/\/www.os-dravograd.si\/index.php\/wp-json\/wp\/v2\/posts\/6543\/revisions"}],"predecessor-version":[{"id":6545,"href":"https:\/\/www.os-dravograd.si\/index.php\/wp-json\/wp\/v2\/posts\/6543\/revisions\/6545"}],"wp:featuredmedia":[{"embeddable":true,"href":"https:\/\/www.os-dravograd.si\/index.php\/wp-json\/wp\/v2\/media\/6544"}],"wp:attachment":[{"href":"https:\/\/www.os-dravograd.si\/index.php\/wp-json\/wp\/v2\/media?parent=6543"}],"wp:term":[{"taxonomy":"category","embeddable":true,"href":"https:\/\/www.os-dravograd.si\/index.php\/wp-json\/wp\/v2\/categories?post=6543"},{"taxonomy":"post_tag","embeddable":true,"href":"https:\/\/www.os-dravograd.si\/index.php\/wp-json\/wp\/v2\/tags?post=6543"}],"curies":[{"name":"wp","href":"https:\/\/api.w.org\/{rel}","templated":true}]}}