{"id":9647,"date":"2025-10-20T19:36:32","date_gmt":"2025-10-20T17:36:32","guid":{"rendered":"https:\/\/www.os-dravograd.si\/?p=9647"},"modified":"2025-10-21T12:32:58","modified_gmt":"2025-10-21T10:32:58","slug":"erasmus-dnevi-na-osnovni-soli-neznanih-talcev-dravograd","status":"publish","type":"post","link":"https:\/\/www.os-dravograd.si\/index.php\/2025\/10\/20\/erasmus-dnevi-na-osnovni-soli-neznanih-talcev-dravograd\/","title":{"rendered":"ERASMUS+ DNEVI NA Osnovni \u0161oli Neznanih talcev Dravograd"},"content":{"rendered":"\n<p>V torek, 14. 10. 2025, smo v okviru Erasmus+ dnevov z naslovom smo na O\u0160 Neznanih talcev Dravograd priredili dan demokracije <strong>\u00bbMoj glas, moja \u0161ola, moja Evropa\u00ab<\/strong>. Pripravili smo prvi \u0161olski referendum. \u017de dan prej smo z objavo oziroma volilnim razglasom poskrbeli za navdu\u0161enje in razumevanje pomembnosti demokracije pri skupnih dru\u017ebenih odlo\u010ditvah.&nbsp; S tem smo \u017eeleli vse u\u010dence in zaposlene zdru\u017eiti v skupnem odlo\u010danju za spremembe na \u0161oli.&nbsp;<\/p>\n\n\n\n<p>Odlo\u010dali smo o zelo okusnem vpra\u0161anju<strong>: \u00bbAli naj na\u0161i kuharji v novembru prvi\u010d pripravijo mesno lazanjo?\u00ab<\/strong>. Volili so lahko vsi u\u010denci in u\u010ditelji mati\u010dne \u0161ole od 1. do 9. razreda. Udele\u017eba na prvem \u0161olskem referendumu je bila zelo velika. Kolona se je vlekla po celem hodniku 1. nadstropja.&nbsp;<\/p>\n\n\n\n<p>Po pogovorih med odmori in razpravah v razredih nas rezultat ne presene\u010da.&nbsp;<\/p>\n\n\n\n<p>Z NE in s tem proti pripravi lazanje v mesecu novembru je glasovalo 49 volivcev. Med njimi je bila tudi ena neveljavna glasovnica.<\/p>\n\n\n\n<p>Z DA in s tem za pripravo lazanje za kosilu v mesecu novembru pa je glasovalo 277 udele\u017eencev referenduma.&nbsp;<\/p>\n\n\n\n<p>Torej\u2026 demokrati\u010dno sklepamo, da naj na\u0161e kuharice v mesecu novembru prvi\u010d pripravijo mesno lazanjo.&nbsp;<\/p>\n\n\n\n<p>Komaj \u010dakamo! ?<\/p>\n\n\n\n<p>Skupina RaP PO EVROPI: Zala, Nika, Kristina, Nia, Miha, Ines in u\u010diteljici Ana in Martina&nbsp;<\/p>\n\n\n\n<figure class=\"wp-block-gallery columns-3 is-cropped\"><ul class=\"blocks-gallery-grid\"><li class=\"blocks-gallery-item\"><figure><a href=\"https:\/\/www.os-dravograd.si\/wp-content\/uploads\/2025\/10\/Volitve-4-768x1024.jpg\"><img loading=\"lazy\" width=\"768\" height=\"1024\" src=\"https:\/\/www.os-dravograd.si\/wp-content\/uploads\/2025\/10\/Volitve-4-768x1024.jpg\" alt=\"\" data-id=\"9648\" data-link=\"https:\/\/www.os-dravograd.si\/?attachment_id=9648\" class=\"wp-image-9648\" srcset=\"https:\/\/www.os-dravograd.si\/wp-content\/uploads\/2025\/10\/Volitve-4-768x1024.jpg 768w, https:\/\/www.os-dravograd.si\/wp-content\/uploads\/2025\/10\/Volitve-4-150x200.jpg 150w, https:\/\/www.os-dravograd.si\/wp-content\/uploads\/2025\/10\/Volitve-4-1152x1536.jpg 1152w, https:\/\/www.os-dravograd.si\/wp-content\/uploads\/2025\/10\/Volitve-4-1170x1560.jpg 1170w, https:\/\/www.os-dravograd.si\/wp-content\/uploads\/2025\/10\/Volitve-4-370x493.jpg 370w, https:\/\/www.os-dravograd.si\/wp-content\/uploads\/2025\/10\/Volitve-4-870x1160.jpg 870w, https:\/\/www.os-dravograd.si\/wp-content\/uploads\/2025\/10\/Volitve-4-390x520.jpg 390w, https:\/\/www.os-dravograd.si\/wp-content\/uploads\/2025\/10\/Volitve-4-300x400.jpg 300w, https:\/\/www.os-dravograd.si\/wp-content\/uploads\/2025\/10\/Volitve-4.jpg 1536w\" sizes=\"(max-width: 768px) 100vw, 768px\" \/><\/a><\/figure><\/li><li class=\"blocks-gallery-item\"><figure><a href=\"https:\/\/www.os-dravograd.si\/wp-content\/uploads\/2025\/10\/tabla-1024x768.jpg\"><img loading=\"lazy\" width=\"1024\" height=\"768\" src=\"https:\/\/www.os-dravograd.si\/wp-content\/uploads\/2025\/10\/tabla-1024x768.jpg\" alt=\"\" data-id=\"9649\" data-link=\"https:\/\/www.os-dravograd.si\/?attachment_id=9649\" class=\"wp-image-9649\" srcset=\"https:\/\/www.os-dravograd.si\/wp-content\/uploads\/2025\/10\/tabla-1024x768.jpg 1024w, https:\/\/www.os-dravograd.si\/wp-content\/uploads\/2025\/10\/tabla-200x150.jpg 200w, https:\/\/www.os-dravograd.si\/wp-content\/uploads\/2025\/10\/tabla-768x576.jpg 768w, https:\/\/www.os-dravograd.si\/wp-content\/uploads\/2025\/10\/tabla-1536x1152.jpg 1536w, https:\/\/www.os-dravograd.si\/wp-content\/uploads\/2025\/10\/tabla-1170x878.jpg 1170w, https:\/\/www.os-dravograd.si\/wp-content\/uploads\/2025\/10\/tabla-370x278.jpg 370w, https:\/\/www.os-dravograd.si\/wp-content\/uploads\/2025\/10\/tabla-870x653.jpg 870w, https:\/\/www.os-dravograd.si\/wp-content\/uploads\/2025\/10\/tabla-390x293.jpg 390w, https:\/\/www.os-dravograd.si\/wp-content\/uploads\/2025\/10\/tabla-300x225.jpg 300w, https:\/\/www.os-dravograd.si\/wp-content\/uploads\/2025\/10\/tabla.jpg 2048w\" sizes=\"(max-width: 1024px) 100vw, 1024px\" \/><\/a><\/figure><\/li><li class=\"blocks-gallery-item\"><figure><a href=\"https:\/\/www.os-dravograd.si\/wp-content\/uploads\/2025\/10\/Volitve1-768x1024.jpg\"><img loading=\"lazy\" width=\"768\" height=\"1024\" src=\"https:\/\/www.os-dravograd.si\/wp-content\/uploads\/2025\/10\/Volitve1-768x1024.jpg\" alt=\"\" data-id=\"9650\" data-link=\"https:\/\/www.os-dravograd.si\/?attachment_id=9650\" class=\"wp-image-9650\" srcset=\"https:\/\/www.os-dravograd.si\/wp-content\/uploads\/2025\/10\/Volitve1-768x1024.jpg 768w, https:\/\/www.os-dravograd.si\/wp-content\/uploads\/2025\/10\/Volitve1-150x200.jpg 150w, https:\/\/www.os-dravograd.si\/wp-content\/uploads\/2025\/10\/Volitve1-1152x1536.jpg 1152w, https:\/\/www.os-dravograd.si\/wp-content\/uploads\/2025\/10\/Volitve1-1170x1560.jpg 1170w, https:\/\/www.os-dravograd.si\/wp-content\/uploads\/2025\/10\/Volitve1-370x493.jpg 370w, https:\/\/www.os-dravograd.si\/wp-content\/uploads\/2025\/10\/Volitve1-870x1160.jpg 870w, https:\/\/www.os-dravograd.si\/wp-content\/uploads\/2025\/10\/Volitve1-390x520.jpg 390w, https:\/\/www.os-dravograd.si\/wp-content\/uploads\/2025\/10\/Volitve1-300x400.jpg 300w, https:\/\/www.os-dravograd.si\/wp-content\/uploads\/2025\/10\/Volitve1.jpg 1536w\" sizes=\"(max-width: 768px) 100vw, 768px\" \/><\/a><\/figure><\/li><li class=\"blocks-gallery-item\"><figure><a href=\"https:\/\/www.os-dravograd.si\/wp-content\/uploads\/2025\/10\/Volitve-5-768x1024.jpg\"><img loading=\"lazy\" width=\"768\" height=\"1024\" src=\"https:\/\/www.os-dravograd.si\/wp-content\/uploads\/2025\/10\/Volitve-5-768x1024.jpg\" alt=\"\" data-id=\"9651\" data-link=\"https:\/\/www.os-dravograd.si\/?attachment_id=9651\" class=\"wp-image-9651\" srcset=\"https:\/\/www.os-dravograd.si\/wp-content\/uploads\/2025\/10\/Volitve-5-768x1024.jpg 768w, https:\/\/www.os-dravograd.si\/wp-content\/uploads\/2025\/10\/Volitve-5-150x200.jpg 150w, https:\/\/www.os-dravograd.si\/wp-content\/uploads\/2025\/10\/Volitve-5-1152x1536.jpg 1152w, https:\/\/www.os-dravograd.si\/wp-content\/uploads\/2025\/10\/Volitve-5-1170x1560.jpg 1170w, https:\/\/www.os-dravograd.si\/wp-content\/uploads\/2025\/10\/Volitve-5-370x493.jpg 370w, https:\/\/www.os-dravograd.si\/wp-content\/uploads\/2025\/10\/Volitve-5-870x1160.jpg 870w, https:\/\/www.os-dravograd.si\/wp-content\/uploads\/2025\/10\/Volitve-5-390x520.jpg 390w, https:\/\/www.os-dravograd.si\/wp-content\/uploads\/2025\/10\/Volitve-5-300x400.jpg 300w, https:\/\/www.os-dravograd.si\/wp-content\/uploads\/2025\/10\/Volitve-5.jpg 1536w\" sizes=\"(max-width: 768px) 100vw, 768px\" \/><\/a><\/figure><\/li><li class=\"blocks-gallery-item\"><figure><a href=\"https:\/\/www.os-dravograd.si\/wp-content\/uploads\/2025\/10\/Volitve2-768x1024.jpg\"><img loading=\"lazy\" width=\"768\" height=\"1024\" src=\"https:\/\/www.os-dravograd.si\/wp-content\/uploads\/2025\/10\/Volitve2-768x1024.jpg\" alt=\"\" data-id=\"9652\" data-link=\"https:\/\/www.os-dravograd.si\/?attachment_id=9652\" class=\"wp-image-9652\" srcset=\"https:\/\/www.os-dravograd.si\/wp-content\/uploads\/2025\/10\/Volitve2-768x1024.jpg 768w, https:\/\/www.os-dravograd.si\/wp-content\/uploads\/2025\/10\/Volitve2-150x200.jpg 150w, https:\/\/www.os-dravograd.si\/wp-content\/uploads\/2025\/10\/Volitve2-1152x1536.jpg 1152w, https:\/\/www.os-dravograd.si\/wp-content\/uploads\/2025\/10\/Volitve2-1170x1560.jpg 1170w, https:\/\/www.os-dravograd.si\/wp-content\/uploads\/2025\/10\/Volitve2-370x493.jpg 370w, https:\/\/www.os-dravograd.si\/wp-content\/uploads\/2025\/10\/Volitve2-870x1160.jpg 870w, https:\/\/www.os-dravograd.si\/wp-content\/uploads\/2025\/10\/Volitve2-390x520.jpg 390w, https:\/\/www.os-dravograd.si\/wp-content\/uploads\/2025\/10\/Volitve2-300x400.jpg 300w, https:\/\/www.os-dravograd.si\/wp-content\/uploads\/2025\/10\/Volitve2.jpg 1536w\" sizes=\"(max-width: 768px) 100vw, 768px\" \/><\/a><\/figure><\/li><li class=\"blocks-gallery-item\"><figure><a href=\"https:\/\/www.os-dravograd.si\/wp-content\/uploads\/2025\/10\/Volitve3-768x1024.jpg\"><img loading=\"lazy\" width=\"768\" height=\"1024\" src=\"https:\/\/www.os-dravograd.si\/wp-content\/uploads\/2025\/10\/Volitve3-768x1024.jpg\" alt=\"\" data-id=\"9653\" data-link=\"https:\/\/www.os-dravograd.si\/?attachment_id=9653\" class=\"wp-image-9653\" srcset=\"https:\/\/www.os-dravograd.si\/wp-content\/uploads\/2025\/10\/Volitve3-768x1024.jpg 768w, https:\/\/www.os-dravograd.si\/wp-content\/uploads\/2025\/10\/Volitve3-150x200.jpg 150w, https:\/\/www.os-dravograd.si\/wp-content\/uploads\/2025\/10\/Volitve3-1152x1536.jpg 1152w, https:\/\/www.os-dravograd.si\/wp-content\/uploads\/2025\/10\/Volitve3-1170x1560.jpg 1170w, https:\/\/www.os-dravograd.si\/wp-content\/uploads\/2025\/10\/Volitve3-370x493.jpg 370w, https:\/\/www.os-dravograd.si\/wp-content\/uploads\/2025\/10\/Volitve3-870x1160.jpg 870w, https:\/\/www.os-dravograd.si\/wp-content\/uploads\/2025\/10\/Volitve3-390x520.jpg 390w, https:\/\/www.os-dravograd.si\/wp-content\/uploads\/2025\/10\/Volitve3-300x400.jpg 300w, https:\/\/www.os-dravograd.si\/wp-content\/uploads\/2025\/10\/Volitve3.jpg 1536w\" sizes=\"(max-width: 768px) 100vw, 768px\" \/><\/a><\/figure><\/li><\/ul><\/figure>\n\n\n\n<p><\/p>\n","protected":false},"excerpt":{"rendered":"<p>V torek, 14. 10. 2025, smo v okviru Erasmus+ dnevov z naslovom smo na O\u0160 Neznanih talcev Dravograd priredili dan demokracije \u00bbMoj glas, moja \u0161ola, moja Evropa\u00ab. Pripravili smo prvi \u0161olski referendum. \u017de dan prej smo z objavo oziroma volilnim razglasom poskrbeli za navdu\u0161enje in razumevanje pomembnosti demokracije pri skupnih dru\u017ebenih odlo\u010ditvah.&nbsp; S tem smo [&hellip;]<\/p>\n","protected":false},"author":5,"featured_media":9654,"comment_status":"closed","ping_status":"closed","sticky":false,"template":"","format":"standard","meta":{"ngg_post_thumbnail":0},"categories":[101,106,178,102],"tags":[],"_links":{"self":[{"href":"https:\/\/www.os-dravograd.si\/index.php\/wp-json\/wp\/v2\/posts\/9647"}],"collection":[{"href":"https:\/\/www.os-dravograd.si\/index.php\/wp-json\/wp\/v2\/posts"}],"about":[{"href":"https:\/\/www.os-dravograd.si\/index.php\/wp-json\/wp\/v2\/types\/post"}],"author":[{"embeddable":true,"href":"https:\/\/www.os-dravograd.si\/index.php\/wp-json\/wp\/v2\/users\/5"}],"replies":[{"embeddable":true,"href":"https:\/\/www.os-dravograd.si\/index.php\/wp-json\/wp\/v2\/comments?post=9647"}],"version-history":[{"count":3,"href":"https:\/\/www.os-dravograd.si\/index.php\/wp-json\/wp\/v2\/posts\/9647\/revisions"}],"predecessor-version":[{"id":9663,"href":"https:\/\/www.os-dravograd.si\/index.php\/wp-json\/wp\/v2\/posts\/9647\/revisions\/9663"}],"wp:featuredmedia":[{"embeddable":true,"href":"https:\/\/www.os-dravograd.si\/index.php\/wp-json\/wp\/v2\/media\/9654"}],"wp:attachment":[{"href":"https:\/\/www.os-dravograd.si\/index.php\/wp-json\/wp\/v2\/media?parent=9647"}],"wp:term":[{"taxonomy":"category","embeddable":true,"href":"https:\/\/www.os-dravograd.si\/index.php\/wp-json\/wp\/v2\/categories?post=9647"},{"taxonomy":"post_tag","embeddable":true,"href":"https:\/\/www.os-dravograd.si\/index.php\/wp-json\/wp\/v2\/tags?post=9647"}],"curies":[{"name":"wp","href":"https:\/\/api.w.org\/{rel}","templated":true}]}}